{"id":960,"date":"2016-05-08T00:36:37","date_gmt":"2016-05-07T22:36:37","guid":{"rendered":"http:\/\/voletsouvers.ovh\/?p=960"},"modified":"2018-12-17T22:24:51","modified_gmt":"2018-12-17T21:24:51","slug":"australe","status":"publish","type":"post","link":"https:\/\/voletsouvers.ovh\/index.php\/2016\/05\/08\/australe\/","title":{"rendered":"Australe"},"content":{"rendered":"<p>[et_pb_section admin_label=\u00a0\u00bbsection\u00a0\u00bb][et_pb_row admin_label=\u00a0\u00bbrow\u00a0\u00bb][et_pb_column type=\u00a0\u00bb4_4&Prime;][et_pb_text admin_label=\u00a0\u00bbTexte\u00a0\u00bb background_layout=\u00a0\u00bblight\u00a0\u00bb text_orientation=\u00a0\u00bbleft\u00a0\u00bb use_border_color=\u00a0\u00bboff\u00a0\u00bb border_color=\u00a0\u00bb#ffffff\u00a0\u00bb border_style=\u00a0\u00bbsolid\u00a0\u00bb]<\/p>\n<div>\n<div><span style=\"font-family: verdana,geneva,sans-serif; font-size: 12pt;\">Un vent liquide houle<\/span><\/div>\n<div><span style=\"font-family: verdana,geneva,sans-serif; font-size: 12pt;\">Feuillette les champs de cannes<\/span><\/div>\n<div id=\"yui_3_5_0_1_1408724454931_11066\"><span id=\"yui_3_5_0_1_1408724454931_11065\" style=\"font-family: verdana,geneva,sans-serif; font-size: 12pt;\"><span id=\"yui_3_5_0_1_1408724454931_11064\"><span id=\"yui_3_5_0_1_1408724454931_11063\">Et quel que soit l&rsquo;hiver<\/span><\/span><\/span><\/div>\n<div><span style=\"font-family: verdana,geneva,sans-serif; font-size: 12pt;\">C&rsquo;est de la m\u00eame eau d&rsquo;ambre<\/span><\/div>\n<div><span style=\"font-family: verdana,geneva,sans-serif; font-size: 12pt;\">Que la lumi\u00e8re des bl\u00e9s au torrent de tes ciels<\/span><\/div>\n<div><span style=\"font-family: verdana,geneva,sans-serif; font-size: 12pt;\">Quelque chose pourtant est en train de se taire<\/span><\/div>\n<div><span style=\"font-family: verdana,geneva,sans-serif; font-size: 12pt;\">Un silence de pierre<\/span><\/div>\n<div><span style=\"font-family: verdana,geneva,sans-serif; font-size: 12pt;\">C&rsquo;est lourd, c&rsquo;est l\u00e9ger \u2013 je ne sais pas \u2013<\/span><\/div>\n<div><span style=\"font-family: verdana,geneva,sans-serif; font-size: 12pt;\">C&rsquo;est comme\u00a0<em>recueilli<\/em><\/span><\/div>\n<div><span style=\"font-family: verdana,geneva,sans-serif; font-size: 12pt;\">\u00a0<\/span><\/div>\n<div><span style=\"font-family: verdana,geneva,sans-serif;\">6 ao\u00fbt 2014<\/span><\/div>\n<div><span style=\"font-family: verdana,geneva,sans-serif;\">Publi\u00e9 \u00e0 La Barbacane n\u00b099<br \/>\nDu recueil <em>Allant vers et autres escales<\/em> aux Editions de l&rsquo;Aigrette<br \/>\n<\/span><\/div>\n<\/div>\n<p>[\/et_pb_text][et_pb_post_nav admin_label=\u00a0\u00bbNavigation dans les posts\u00a0\u00bb in_same_term=\u00a0\u00bboff\u00a0\u00bb hide_prev=\u00a0\u00bboff\u00a0\u00bb hide_next=\u00a0\u00bboff\u00a0\u00bb use_border_color=\u00a0\u00bboff\u00a0\u00bb border_color=\u00a0\u00bb#ffffff\u00a0\u00bb border_style=\u00a0\u00bbsolid\u00a0\u00bb] [\/et_pb_post_nav][\/et_pb_column][\/et_pb_row][\/et_pb_section]<\/p>\n","protected":false},"excerpt":{"rendered":"<p>Un vent liquide houle Feuillette les champs de cannes Et quel que soit l&rsquo;hiver C&rsquo;est de la m\u00eame eau d&rsquo;ambre Que la lumi\u00e8re des bl\u00e9s au torrent de tes ciels Quelque chose pourtant est en train de se taire Un silence de pierre C&rsquo;est lourd, c&rsquo;est l\u00e9ger \u2013 je ne sais pas \u2013 C&rsquo;est comme\u00a0recueilli [&hellip;]<\/p>\n","protected":false},"author":1,"featured_media":0,"comment_status":"open","ping_status":"open","sticky":false,"template":"","format":"standard","meta":{"_et_pb_use_builder":"on","_et_pb_old_content":"<div><div><span style=\"font-family: verdana,geneva,sans-serif; font-size: 12pt;\">Un vent liquide houle<\/span><\/div><div><span style=\"font-family: verdana,geneva,sans-serif; font-size: 12pt;\">Feuillette les champs de cannes<\/span><\/div><div id=\"yui_3_5_0_1_1408724454931_11066\"><span id=\"yui_3_5_0_1_1408724454931_11065\" style=\"font-family: verdana,geneva,sans-serif; font-size: 12pt;\"><span id=\"yui_3_5_0_1_1408724454931_11064\"><span id=\"yui_3_5_0_1_1408724454931_11063\">Et quel que soit l'hiver<\/span><\/span><\/span><\/div><div><span style=\"font-family: verdana,geneva,sans-serif; font-size: 12pt;\">C'est de la m\u00eame eau d'ambre<\/span><\/div><div><span style=\"font-family: verdana,geneva,sans-serif; font-size: 12pt;\">Que la lumi\u00e8re des bl\u00e9s au torrent de tes ciels<\/span><\/div><div><span style=\"font-family: verdana,geneva,sans-serif; font-size: 12pt;\">Quelque chose pourtant est en train de se taire<\/span><\/div><div><span style=\"font-family: verdana,geneva,sans-serif; font-size: 12pt;\">Un silence de pierre<\/span><\/div><div><span style=\"font-family: verdana,geneva,sans-serif; font-size: 12pt;\">C'est lourd, c'est l\u00e9ger \u2013 je ne sais pas \u2013<\/span><\/div><div><span style=\"font-family: verdana,geneva,sans-serif; font-size: 12pt;\">C'est comme\u00a0<em>recueilli<\/em><\/span><\/div><div><span style=\"font-family: verdana,geneva,sans-serif; font-size: 12pt;\">\u00a0<\/span><\/div><div><span style=\"font-family: verdana,geneva,sans-serif;\">6 ao\u00fbt 2014<\/span><\/div><div><span style=\"font-family: verdana,geneva,sans-serif;\">Publi\u00e9 \u00e0 La Barbacane n\u00b099<\/span><\/div><\/div>","_et_gb_content_width":"","om_disable_all_campaigns":false,"_exactmetrics_skip_tracking":false,"_exactmetrics_sitenote_active":false,"_exactmetrics_sitenote_note":"","_exactmetrics_sitenote_category":0,"_monsterinsights_skip_tracking":false,"_monsterinsights_sitenote_active":false,"_monsterinsights_sitenote_note":"","_monsterinsights_sitenote_category":0,"footnotes":""},"categories":[32,12],"tags":[],"class_list":["post-960","post","type-post","status-publish","format-standard","hentry","category-allant-vers-et-autres-escales","category-cinquieme-volet"],"aioseo_notices":[],"_links":{"self":[{"href":"https:\/\/voletsouvers.ovh\/index.php\/wp-json\/wp\/v2\/posts\/960","targetHints":{"allow":["GET"]}}],"collection":[{"href":"https:\/\/voletsouvers.ovh\/index.php\/wp-json\/wp\/v2\/posts"}],"about":[{"href":"https:\/\/voletsouvers.ovh\/index.php\/wp-json\/wp\/v2\/types\/post"}],"author":[{"embeddable":true,"href":"https:\/\/voletsouvers.ovh\/index.php\/wp-json\/wp\/v2\/users\/1"}],"replies":[{"embeddable":true,"href":"https:\/\/voletsouvers.ovh\/index.php\/wp-json\/wp\/v2\/comments?post=960"}],"version-history":[{"count":2,"href":"https:\/\/voletsouvers.ovh\/index.php\/wp-json\/wp\/v2\/posts\/960\/revisions"}],"predecessor-version":[{"id":2427,"href":"https:\/\/voletsouvers.ovh\/index.php\/wp-json\/wp\/v2\/posts\/960\/revisions\/2427"}],"wp:attachment":[{"href":"https:\/\/voletsouvers.ovh\/index.php\/wp-json\/wp\/v2\/media?parent=960"}],"wp:term":[{"taxonomy":"category","embeddable":true,"href":"https:\/\/voletsouvers.ovh\/index.php\/wp-json\/wp\/v2\/categories?post=960"},{"taxonomy":"post_tag","embeddable":true,"href":"https:\/\/voletsouvers.ovh\/index.php\/wp-json\/wp\/v2\/tags?post=960"}],"curies":[{"name":"wp","href":"https:\/\/api.w.org\/{rel}","templated":true}]}}