{"id":948,"date":"2016-05-08T00:25:32","date_gmt":"2016-05-07T22:25:32","guid":{"rendered":"http:\/\/voletsouvers.ovh\/?p=948"},"modified":"2021-06-14T09:50:43","modified_gmt":"2021-06-14T07:50:43","slug":"banderille","status":"publish","type":"post","link":"https:\/\/voletsouvers.ovh\/index.php\/2016\/05\/08\/banderille\/","title":{"rendered":"Banderille"},"content":{"rendered":"<p>[et_pb_section bb_built=\u00a0\u00bb1&Prime; admin_label=\u00a0\u00bbsection\u00a0\u00bb][et_pb_row admin_label=\u00a0\u00bbrow\u00a0\u00bb background_position=\u00a0\u00bbtop_left\u00a0\u00bb background_repeat=\u00a0\u00bbrepeat\u00a0\u00bb background_size=\u00a0\u00bbinitial\u00a0\u00bb][et_pb_column type=\u00a0\u00bb4_4&Prime;][et_pb_text background_position=\u00a0\u00bbtop_left\u00a0\u00bb background_repeat=\u00a0\u00bbrepeat\u00a0\u00bb background_size=\u00a0\u00bbinitial\u00a0\u00bb _builder_version=\u00a0\u00bb3.19.18&Prime;]<\/p>\n<div><span style=\"font-family: verdana,geneva,sans-serif; font-size: 12pt;\">Je rel\u00e8ve de brume<\/span><\/div>\n<div><span style=\"font-family: verdana,geneva,sans-serif; font-size: 12pt;\">La m\u00e9moire ennoy\u00e9e qui monte<\/span><\/div>\n<div><span style=\"font-family: verdana,geneva,sans-serif; font-size: 12pt;\">qui monte<\/span><\/div>\n<div><span style=\"font-family: verdana,geneva,sans-serif; font-size: 12pt;\">J&rsquo;\u00e9cope la nuit, les rossignols<\/span><\/div>\n<div><span style=\"font-family: verdana,geneva,sans-serif; font-size: 12pt;\">leur chant fusel\u00e9<\/span><\/div>\n<div><span style=\"font-family: verdana,geneva,sans-serif; font-size: 12pt;\">Fen\u00eatre d\u00e9coup\u00e9e \u00e0 l&rsquo;adret de l&rsquo;aube<\/span><\/div>\n<div><span style=\"font-family: verdana,geneva,sans-serif; font-size: 12pt;\">ciel r\u00e9v\u00e9l\u00e9 bleu<\/span><\/div>\n<div><span style=\"font-family: verdana,geneva,sans-serif; font-size: 12pt;\">Absence banderille plant\u00e9e au c\u0153ur du jour<\/span><\/div>\n<div><span style=\"font-family: verdana,geneva,sans-serif; font-size: 12pt;\">Ce jour \u00e0 vivre coupant comme un soleil de verre<\/span><\/div>\n<div><span style=\"font-family: verdana,geneva,sans-serif;\">\u00a0<\/span><\/div>\n<div><span style=\"font-family: verdana,geneva,sans-serif;\">14 juin 2014<\/span><\/div>\n<p>[\/et_pb_text][et_pb_post_nav in_same_term=\u00a0\u00bboff\u00a0\u00bb hide_prev=\u00a0\u00bboff\u00a0\u00bb hide_next=\u00a0\u00bboff\u00a0\u00bb use_border_color=\u00a0\u00bboff\u00a0\u00bb border_color=\u00a0\u00bb#ffffff\u00a0\u00bb border_style=\u00a0\u00bbsolid\u00a0\u00bb show_prev=\u00a0\u00bbon\u00a0\u00bb show_next=\u00a0\u00bbon\u00a0\u00bb \/][\/et_pb_column][\/et_pb_row][\/et_pb_section]<\/p>\n","protected":false},"excerpt":{"rendered":"<p>Je rel\u00e8ve de brumeLa m\u00e9moire ennoy\u00e9e qui montequi monteJ&rsquo;\u00e9cope la nuit, les rossignolsleur chant fusel\u00e9Fen\u00eatre d\u00e9coup\u00e9e \u00e0 l&rsquo;adret de l&rsquo;aubeciel r\u00e9v\u00e9l\u00e9 bleuAbsence banderille plant\u00e9e au c\u0153ur du jourCe jour \u00e0 vivre coupant comme un soleil de verre\u00a014 juin 2014<\/p>\n","protected":false},"author":1,"featured_media":0,"comment_status":"open","ping_status":"open","sticky":false,"template":"","format":"standard","meta":{"_et_pb_use_builder":"on","_et_pb_old_content":"<div><span style=\"font-family: verdana,geneva,sans-serif; font-size: 12pt;\">Je rel\u00e8ve de brume<\/span><\/div><div><span style=\"font-family: verdana,geneva,sans-serif; font-size: 12pt;\">La m\u00e9moire ennoy\u00e9e qui monte<\/span><\/div><div><span style=\"font-family: verdana,geneva,sans-serif; font-size: 12pt;\">Qui monte<\/span><\/div><div><span style=\"font-family: verdana,geneva,sans-serif; font-size: 12pt;\">J'\u00e9cope la nuit, les rossignols<\/span><\/div><div><span style=\"font-family: verdana,geneva,sans-serif; font-size: 12pt;\">Leur chant fusel\u00e9<\/span><\/div><div><span style=\"font-family: verdana,geneva,sans-serif; font-size: 12pt;\">Fen\u00eatre d\u00e9coup\u00e9e \u00e0 l'adret de l'aube<\/span><\/div><div><span style=\"font-family: verdana,geneva,sans-serif; font-size: 12pt;\">Ciel r\u00e9v\u00e9l\u00e9 bleu<\/span><\/div><div><span style=\"font-family: verdana,geneva,sans-serif; font-size: 12pt;\">Absence banderille plant\u00e9e au c\u0153ur du jour<\/span><\/div><div><span style=\"font-family: verdana,geneva,sans-serif; font-size: 12pt;\">Ce jour \u00e0 vivre coupant comme un soleil de verre<\/span><\/div><div><span style=\"font-family: verdana,geneva,sans-serif;\">\u00a0<\/span><\/div><div><span style=\"font-family: verdana,geneva,sans-serif;\">14 juin 2014<\/span><\/div>","_et_gb_content_width":"","om_disable_all_campaigns":false,"_exactmetrics_skip_tracking":false,"_exactmetrics_sitenote_active":false,"_exactmetrics_sitenote_note":"","_exactmetrics_sitenote_category":0,"_monsterinsights_skip_tracking":false,"_monsterinsights_sitenote_active":false,"_monsterinsights_sitenote_note":"","_monsterinsights_sitenote_category":0,"footnotes":""},"categories":[12],"tags":[],"class_list":["post-948","post","type-post","status-publish","format-standard","hentry","category-cinquieme-volet"],"aioseo_notices":[],"_links":{"self":[{"href":"https:\/\/voletsouvers.ovh\/index.php\/wp-json\/wp\/v2\/posts\/948","targetHints":{"allow":["GET"]}}],"collection":[{"href":"https:\/\/voletsouvers.ovh\/index.php\/wp-json\/wp\/v2\/posts"}],"about":[{"href":"https:\/\/voletsouvers.ovh\/index.php\/wp-json\/wp\/v2\/types\/post"}],"author":[{"embeddable":true,"href":"https:\/\/voletsouvers.ovh\/index.php\/wp-json\/wp\/v2\/users\/1"}],"replies":[{"embeddable":true,"href":"https:\/\/voletsouvers.ovh\/index.php\/wp-json\/wp\/v2\/comments?post=948"}],"version-history":[{"count":2,"href":"https:\/\/voletsouvers.ovh\/index.php\/wp-json\/wp\/v2\/posts\/948\/revisions"}],"predecessor-version":[{"id":4042,"href":"https:\/\/voletsouvers.ovh\/index.php\/wp-json\/wp\/v2\/posts\/948\/revisions\/4042"}],"wp:attachment":[{"href":"https:\/\/voletsouvers.ovh\/index.php\/wp-json\/wp\/v2\/media?parent=948"}],"wp:term":[{"taxonomy":"category","embeddable":true,"href":"https:\/\/voletsouvers.ovh\/index.php\/wp-json\/wp\/v2\/categories?post=948"},{"taxonomy":"post_tag","embeddable":true,"href":"https:\/\/voletsouvers.ovh\/index.php\/wp-json\/wp\/v2\/tags?post=948"}],"curies":[{"name":"wp","href":"https:\/\/api.w.org\/{rel}","templated":true}]}}