{"id":946,"date":"2016-05-08T00:24:13","date_gmt":"2016-05-07T22:24:13","guid":{"rendered":"http:\/\/voletsouvers.ovh\/?p=946"},"modified":"2019-04-07T18:54:13","modified_gmt":"2019-04-07T16:54:13","slug":"une-porte","status":"publish","type":"post","link":"https:\/\/voletsouvers.ovh\/index.php\/2016\/05\/08\/une-porte\/","title":{"rendered":"Une porte"},"content":{"rendered":"<p>[et_pb_section bb_built=\u00a0\u00bb1&Prime; admin_label=\u00a0\u00bbsection\u00a0\u00bb][et_pb_row admin_label=\u00a0\u00bbrow\u00a0\u00bb background_position=\u00a0\u00bbtop_left\u00a0\u00bb background_repeat=\u00a0\u00bbrepeat\u00a0\u00bb background_size=\u00a0\u00bbinitial\u00a0\u00bb][et_pb_column type=\u00a0\u00bb4_4&Prime;][et_pb_text background_position=\u00a0\u00bbtop_left\u00a0\u00bb background_repeat=\u00a0\u00bbrepeat\u00a0\u00bb background_size=\u00a0\u00bbinitial\u00a0\u00bb _builder_version=\u00a0\u00bb3.19.18&Prime;]<\/p>\n<div class=\"article_text\">\n<div><span style=\"font-family: verdana,geneva,sans-serif; font-size: 12pt;\">Imaginer<\/span><\/div>\n<div><span style=\"font-family: verdana,geneva,sans-serif; font-size: 12pt;\">trois marches empil\u00e9es dans le paysage<\/span><\/div>\n<div><span style=\"font-family: verdana,geneva,sans-serif; font-size: 12pt;\">D&rsquo;un c\u00f4t\u00e9, du bl\u00e9<\/span><\/div>\n<div><span style=\"font-family: verdana,geneva,sans-serif; font-size: 12pt;\">coiff\u00e9 en brosse par le vent<\/span><\/div>\n<div><span style=\"font-family: verdana,geneva,sans-serif; font-size: 12pt;\">De l&rsquo;autre, des lavandes moussues<\/span><\/div>\n<div><span style=\"font-family: verdana,geneva,sans-serif; font-size: 12pt;\">ou peut-\u00eatre la mer<\/span><\/div>\n<div><span style=\"font-family: verdana,geneva,sans-serif; font-size: 12pt;\">&#8211; c&rsquo;est comme on veut &#8211;<\/span><\/div>\n<div><span style=\"font-family: verdana,geneva,sans-serif; font-size: 12pt;\">Imaginer une porte en bois<\/span><\/div>\n<div><span style=\"font-family: verdana,geneva,sans-serif; font-size: 12pt;\">hiss\u00e9e bleue sur les marches<\/span><\/div>\n<div><span style=\"font-family: verdana,geneva,sans-serif; font-size: 12pt;\">Aucun mur n&rsquo;est b\u00e2ti autour<\/span><\/div>\n<div><span style=\"font-family: verdana,geneva,sans-serif; font-size: 12pt;\">ni alentour<\/span><\/div>\n<div><span style=\"font-family: verdana,geneva,sans-serif; font-size: 12pt;\">\u00a0<\/span><\/div>\n<div><span style=\"font-family: verdana,geneva,sans-serif; font-size: 12pt;\">C&rsquo;est une chose heureuse<\/span><\/div>\n<div><span style=\"font-family: verdana,geneva,sans-serif; font-size: 12pt;\">\u00a0<\/span><\/div>\n<div><span style=\"font-family: verdana,geneva,sans-serif; font-size: 12pt;\">Habiter le seuil d&rsquo;une porte ouverte<\/span><\/div>\n<div><span style=\"font-family: verdana,geneva,sans-serif; font-size: 12pt;\">adoss\u00e9e \u00e0 la lumi\u00e8re<\/span><\/div>\n<div><span style=\"font-family: verdana,geneva,sans-serif; font-size: 12pt;\">\u00a0<\/span><\/div>\n<div><span style=\"font-family: verdana,geneva,sans-serif; font-size: 12pt;\">Petite fille aux allumettes<\/span><\/div>\n<div><span style=\"font-family: verdana,geneva,sans-serif; font-size: 12pt;\">Craque la flamb\u00e9e des horizons<\/span><\/div>\n<div><span style=\"font-family: verdana,geneva,sans-serif;\">\u00a0<\/span><\/div>\n<div><span style=\"font-family: verdana,geneva,sans-serif;\">13 mai 2014<\/span><\/div>\n<div><span style=\"font-family: verdana,geneva,sans-serif;\">Paru dans la <a href=\"http:\/\/revue17secondes.blogspot.fr\/p\/numeros.html\" target=\"_blank\" rel=\"noopener noreferrer\">Revue 17 secondes n\u00b0 5<\/a><\/span><\/div>\n<div><span style=\"font-family: verdana,geneva,sans-serif;\">Nouveaux d\u00e9lits n\u00b0 50<\/span><\/div>\n<div>In Allant vers et autres escales \u00e9ditions de l&rsquo;Aigrette (2016)<\/div>\n<\/div>\n<p>[\/et_pb_text][et_pb_post_nav in_same_term=\u00a0\u00bboff\u00a0\u00bb hide_prev=\u00a0\u00bboff\u00a0\u00bb hide_next=\u00a0\u00bboff\u00a0\u00bb use_border_color=\u00a0\u00bboff\u00a0\u00bb border_color=\u00a0\u00bb#ffffff\u00a0\u00bb border_style=\u00a0\u00bbsolid\u00a0\u00bb show_prev=\u00a0\u00bbon\u00a0\u00bb show_next=\u00a0\u00bbon\u00a0\u00bb \/][\/et_pb_column][\/et_pb_row][\/et_pb_section]<\/p>\n","protected":false},"excerpt":{"rendered":"<p>Imaginertrois marches empil\u00e9es dans le paysageD&rsquo;un c\u00f4t\u00e9, du bl\u00e9coiff\u00e9 en brosse par le ventDe l&rsquo;autre, des lavandes moussuesou peut-\u00eatre la mer- c&rsquo;est comme on veut -Imaginer une porte en boishiss\u00e9e bleue sur les marchesAucun mur n&rsquo;est b\u00e2ti autourni alentour\u00a0C&rsquo;est une chose heureuse\u00a0Habiter le seuil d&rsquo;une porte ouverteadoss\u00e9e \u00e0 la lumi\u00e8re\u00a0Petite fille aux allumettesCraque la flamb\u00e9e [&hellip;]<\/p>\n","protected":false},"author":1,"featured_media":0,"comment_status":"open","ping_status":"open","sticky":false,"template":"","format":"standard","meta":{"_et_pb_use_builder":"on","_et_pb_old_content":"<div class=\"article_text\"><div><span style=\"font-family: verdana,geneva,sans-serif; font-size: 12pt;\">Imaginer<\/span><\/div><div><span style=\"font-family: verdana,geneva,sans-serif; font-size: 12pt;\">trois marches empil\u00e9es dans le paysage<\/span><\/div><div><span style=\"font-family: verdana,geneva,sans-serif; font-size: 12pt;\">D'un c\u00f4t\u00e9, du bl\u00e9<\/span><\/div><div><span style=\"font-family: verdana,geneva,sans-serif; font-size: 12pt;\">coiff\u00e9 en brosse par le vent<\/span><\/div><div><span style=\"font-family: verdana,geneva,sans-serif; font-size: 12pt;\">De l'autre, des lavandes moussues<\/span><\/div><div><span style=\"font-family: verdana,geneva,sans-serif; font-size: 12pt;\">ou peut-\u00eatre la mer<\/span><\/div><div><span style=\"font-family: verdana,geneva,sans-serif; font-size: 12pt;\">- c'est comme on veut -<\/span><\/div><div><span style=\"font-family: verdana,geneva,sans-serif; font-size: 12pt;\">Imaginer une porte en bois<\/span><\/div><div><span style=\"font-family: verdana,geneva,sans-serif; font-size: 12pt;\">hiss\u00e9e bleue sur les marches<\/span><\/div><div><span style=\"font-family: verdana,geneva,sans-serif; font-size: 12pt;\">Aucun mur n'est b\u00e2ti autour<\/span><\/div><div><span style=\"font-family: verdana,geneva,sans-serif; font-size: 12pt;\">ni alentour<\/span><\/div><div><span style=\"font-family: verdana,geneva,sans-serif; font-size: 12pt;\">\u00a0<\/span><\/div><div><span style=\"font-family: verdana,geneva,sans-serif; font-size: 12pt;\">C'est une chose heureuse<\/span><\/div><div><span style=\"font-family: verdana,geneva,sans-serif; font-size: 12pt;\">\u00a0<\/span><\/div><div><span style=\"font-family: verdana,geneva,sans-serif; font-size: 12pt;\">Habiter le seuil d'une porte ouverte<\/span><\/div><div><span style=\"font-family: verdana,geneva,sans-serif; font-size: 12pt;\">adoss\u00e9e \u00e0 la lumi\u00e8re<\/span><\/div><div><span style=\"font-family: verdana,geneva,sans-serif; font-size: 12pt;\">\u00a0<\/span><\/div><div><span style=\"font-family: verdana,geneva,sans-serif; font-size: 12pt;\">Petite fille aux allumettes<\/span><\/div><div><span style=\"font-family: verdana,geneva,sans-serif; font-size: 12pt;\">Craque la flamb\u00e9e des horizons<\/span><\/div><div><span style=\"font-family: verdana,geneva,sans-serif;\">\u00a0<\/span><\/div><div><span style=\"font-family: verdana,geneva,sans-serif;\">13 mai 2014<\/span><\/div><div><span style=\"font-family: verdana,geneva,sans-serif;\">Paru dans la <a href=\"http:\/\/revue17secondes.blogspot.fr\/p\/numeros.html\" target=\"_blank\">Revue 17 secondes n\u00b0 5<\/a><\/span><\/div><div><span style=\"font-family: verdana,geneva,sans-serif;\">Nouveaux d\u00e9lits n\u00b0 50<\/span><\/div><\/div>","_et_gb_content_width":"","om_disable_all_campaigns":false,"_exactmetrics_skip_tracking":false,"_exactmetrics_sitenote_active":false,"_exactmetrics_sitenote_note":"","_exactmetrics_sitenote_category":0,"_monsterinsights_skip_tracking":false,"_monsterinsights_sitenote_active":false,"_monsterinsights_sitenote_note":"","_monsterinsights_sitenote_category":0,"footnotes":""},"categories":[32,12],"tags":[],"class_list":["post-946","post","type-post","status-publish","format-standard","hentry","category-allant-vers-et-autres-escales","category-cinquieme-volet"],"aioseo_notices":[],"_links":{"self":[{"href":"https:\/\/voletsouvers.ovh\/index.php\/wp-json\/wp\/v2\/posts\/946","targetHints":{"allow":["GET"]}}],"collection":[{"href":"https:\/\/voletsouvers.ovh\/index.php\/wp-json\/wp\/v2\/posts"}],"about":[{"href":"https:\/\/voletsouvers.ovh\/index.php\/wp-json\/wp\/v2\/types\/post"}],"author":[{"embeddable":true,"href":"https:\/\/voletsouvers.ovh\/index.php\/wp-json\/wp\/v2\/users\/1"}],"replies":[{"embeddable":true,"href":"https:\/\/voletsouvers.ovh\/index.php\/wp-json\/wp\/v2\/comments?post=946"}],"version-history":[{"count":2,"href":"https:\/\/voletsouvers.ovh\/index.php\/wp-json\/wp\/v2\/posts\/946\/revisions"}],"predecessor-version":[{"id":3505,"href":"https:\/\/voletsouvers.ovh\/index.php\/wp-json\/wp\/v2\/posts\/946\/revisions\/3505"}],"wp:attachment":[{"href":"https:\/\/voletsouvers.ovh\/index.php\/wp-json\/wp\/v2\/media?parent=946"}],"wp:term":[{"taxonomy":"category","embeddable":true,"href":"https:\/\/voletsouvers.ovh\/index.php\/wp-json\/wp\/v2\/categories?post=946"},{"taxonomy":"post_tag","embeddable":true,"href":"https:\/\/voletsouvers.ovh\/index.php\/wp-json\/wp\/v2\/tags?post=946"}],"curies":[{"name":"wp","href":"https:\/\/api.w.org\/{rel}","templated":true}]}}