{"id":4712,"date":"2026-09-02T16:07:31","date_gmt":"2026-09-02T14:07:31","guid":{"rendered":"https:\/\/voletsouvers.ovh\/?p=4712"},"modified":"2026-09-02T16:25:33","modified_gmt":"2026-09-02T14:25:33","slug":"la-pose-du-port-a-cath","status":"publish","type":"post","link":"https:\/\/voletsouvers.ovh\/index.php\/2026\/09\/02\/la-pose-du-port-a-cath\/","title":{"rendered":"La pose du port \u00e0 cath"},"content":{"rendered":"<p>[et_pb_section fb_built=\u00a0\u00bb1&Prime; _builder_version=\u00a0\u00bb4.16&Prime; global_colors_info=\u00a0\u00bb{}\u00a0\u00bb][et_pb_row _builder_version=\u00a0\u00bb4.16&Prime; background_size=\u00a0\u00bbinitial\u00a0\u00bb background_position=\u00a0\u00bbtop_left\u00a0\u00bb background_repeat=\u00a0\u00bbrepeat\u00a0\u00bb global_colors_info=\u00a0\u00bb{}\u00a0\u00bb][et_pb_column type=\u00a0\u00bb4_4&Prime; _builder_version=\u00a0\u00bb4.16&Prime; custom_padding=\u00a0\u00bb|||\u00a0\u00bb global_colors_info=\u00a0\u00bb{}\u00a0\u00bb custom_padding__hover=\u00a0\u00bb|||\u00a0\u00bb][et_pb_text _builder_version=\u00a0\u00bb4.27.8&Prime; background_size=\u00a0\u00bbinitial\u00a0\u00bb background_position=\u00a0\u00bbtop_left\u00a0\u00bb background_repeat=\u00a0\u00bbrepeat\u00a0\u00bb hover_enabled=\u00a0\u00bb0&Prime; global_colors_info=\u00a0\u00bb{}\u00a0\u00bb sticky_enabled=\u00a0\u00bb0&Prime;]<\/p>\n<p><em><span style=\"font-family: verdana, geneva, sans-serif; font-size: 14pt;\">L<span style=\"font-size: 12pt;\">a pose d&rsquo;un port \u00e0 cath se fait habituellement en chirurgie ambulatoire, sauf si l&rsquo;on est sous anti coagulants, ce qui est mon cas. J&rsquo;ai donc \u00e9t\u00e9 hospitalis\u00e9e une nuit.<\/span><\/span><\/em><br \/><em><span style=\"font-size: 12pt;\">C&rsquo;\u00e9tait hier 31 et aujourd&rsquo;hui 1er septembre.<\/span><\/em><\/p>\n<p><span style=\"font-size: 12pt;\">Ma chambre \u00e9tait pourtant r\u00e9serv\u00e9e mais on me dit que je ne suis pas pr\u00e9vue au bloc pour le lendemain !<\/span><br \/><span style=\"font-size: 12pt;\">Pas de prise de sang pr\u00e9vue, pas de piq\u00fbre pr\u00e9vue&#8230;!<\/span><br \/><span style=\"font-size: 12pt;\">J&rsquo;ai pass\u00e9 une nuit furieuse, incapable de me concentrer sur ma lecture tellement j&rsquo;\u00e9tais \u00e9nerv\u00e9e.<\/span><br \/><span style=\"font-family: verdana, geneva, sans-serif; font-size: 12pt;\">Finalement on m&#8217;emm\u00e8ne bien au bloc le lendemain en fin de matin\u00e9e.<\/span><br \/><span style=\"font-size: 12pt;\">Rester vigilante, je n&rsquo;ai pas assez r\u00e9p\u00e9t\u00e9 ces derniers jours, que tous les jours \u00e0 tous points de vue, tout va de mieux en mieux.<\/span><br \/><span style=\"font-size: 12pt;\">Le bloc est glacial, on me met une couverture et le lit est chauff\u00e9.<\/span><br \/><span style=\"font-size: 12pt;\">Anesth\u00e9sie g\u00e9n\u00e9rale.<\/span><br \/><span style=\"font-size: 12pt;\">\u00ab\u00a0Vous allez dormir, madame, \u00e7a ne va pas durer longtemps\u00a0\u00bb.<\/span><br \/><span style=\"font-size: 12pt;\">Attention vigilance : <em>tous les jours \u00e0 tous points de vue, tout va <span style=\"font-size: 10pt;\">de<\/span><\/em><\/span><em> <span style=\"font-size: 12pt;\"><span style=\"font-size: 10pt;\">mieux en<\/span> <span style=\"font-size: 8pt;\">m<\/span><\/span><span style=\"font-size: 8pt;\">ieux&#8230;zzzzz<\/span><\/em><br \/><span style=\"font-size: 12pt;\">\u00ab\u00a0C&rsquo;est fini Madame, tout s&rsquo;est bien pass\u00e9.\u00a0\u00bb<\/span><br \/><span style=\"font-size: 12pt;\">Je suis r\u00e9veill\u00e9e par le brassard du tensiom\u00e8tre qui me serre le bras toutes les deux minutes, puis trois, puis cinq.<\/span><br \/><span style=\"font-size: 12pt;\">Je pense encore <em>tous les jours \u00e0 tous points de vue et quand-est-ce qu&rsquo;on mange ?<\/em><\/span><\/p>\n<p>&nbsp;<\/p>\n<p>[\/et_pb_text][et_pb_post_nav _builder_version=\u00a0\u00bb4.27.8&Prime; _module_preset=\u00a0\u00bbdefault\u00a0\u00bb global_colors_info=\u00a0\u00bb{}\u00a0\u00bb prev_text__hover_enabled=\u00a0\u00bbon|desktop\u00a0\u00bb next_text__hover_enabled=\u00a0\u00bbon|desktop\u00a0\u00bb][\/et_pb_post_nav][\/et_pb_column][\/et_pb_row][\/et_pb_section]<\/p>\n","protected":false},"excerpt":{"rendered":"<p>La pose d&rsquo;un port \u00e0 cath se fait habituellement en chirurgie ambulatoire, sauf si l&rsquo;on est sous anti coagulants, ce qui est mon cas. J&rsquo;ai donc \u00e9t\u00e9 hospitalis\u00e9e une nuit.C&rsquo;\u00e9tait hier 31 et aujourd&rsquo;hui 1er septembre. Ma chambre \u00e9tait pourtant r\u00e9serv\u00e9e mais on me dit que je ne suis pas pr\u00e9vue au bloc pour le [&hellip;]<\/p>\n","protected":false},"author":1,"featured_media":0,"comment_status":"open","ping_status":"open","sticky":false,"template":"","format":"standard","meta":{"_et_pb_use_builder":"on","_et_pb_old_content":"<p><span style=\"font-family: verdana, geneva, sans-serif; font-size: 14pt;\">La pose d'un port \u00e0 cath se fait habituellement en chirurgie ambulatoire, sauf si l'on est sous anti coagulants, ce qui est mon cas. J'ai donc \u00e9t\u00e9 hospitalis\u00e9e une nuit.<\/span><br \/>C'\u00e9tait hier 31 et aujourd'hui 1er septembre.<\/p><p>Ma chambre \u00e9tait pourtant r\u00e9serv\u00e9e mais on me dit que je ne suis pas pr\u00e9vue au bloc pour le lendemain !<br \/>Pas de prise de sang pr\u00e9vue, pas de piq\u00fbre pr\u00e9vue...!<br \/>J'ai pass\u00e9 une nuit furieuse, incapable de me concentrer sur ma lecture tellement j'\u00e9tais \u00e9nerv\u00e9e.<br \/><span style=\"font-family: verdana, geneva, sans-serif; font-size: 14pt;\">Finalement on m'emm\u00e8ne bien au bloc le lendemain en fin de matin\u00e9e.<\/span><br \/>Rester vigilante, je n'ai pas assez r\u00e9p\u00e9t\u00e9 ces derniers jours, que tous les jours \u00e0 tous points de vue, tout va de mieux en mieux. <br \/>Le bloc est glacial, on me met une couverture et le lit est chauff\u00e9. <br \/>Anesth\u00e9sie g\u00e9n\u00e9rale.<br \/>\"Vous allez dormir, madame, \u00e7a ne va pas durer longtemps\". <br \/>Attention vigilance : tous les jours \u00e0 tous points <span style=\"font-size: 12pt;\">de vue, tout va <span style=\"font-size: 10pt;\">de<\/span><\/span> <span style=\"font-size: 12pt;\"><span style=\"font-size: 10pt;\">mieux en<\/span> <span style=\"font-size: 8pt;\">m<\/span><\/span><span style=\"font-size: 8pt;\">ieux...zzzzz<\/span><br \/>\"C'est fini Madame, tout s'est bien pass\u00e9.\" <br \/>Je suis r\u00e9veill\u00e9e par le brassard du tensiom\u00e8tre qui me serre le bras toutes les deux minutes, puis trois, puis cinq.<br \/>Je pense encore tous les jours \u00e0 tous points de vue et quand-est-ce qu'on mange ?<\/p><p>\u00a0<\/p>","_et_gb_content_width":"","om_disable_all_campaigns":false,"_exactmetrics_skip_tracking":false,"_monsterinsights_skip_tracking":false,"footnotes":""},"categories":[1],"tags":[],"class_list":["post-4712","post","type-post","status-publish","format-standard","hentry","category-non-classe"],"aioseo_notices":[],"aioseo_head":"\n\t\t<!-- All in One SEO 5.0.1.1 - aioseo.com -->\n\t<meta name=\"description\" content=\"La pose d\u2019un port \u00e0 cath se fait habituellement en chirurgie ambulatoire, sauf si l\u2019on est sous anti coagulants, ce qui est mon cas. J\u2019ai donc \u00e9t\u00e9 hospitalis\u00e9e une nuit.C\u2019\u00e9tait hier 31 et aujourd\u2019hui 1er septembre. Ma chambre \u00e9tait pourtant r\u00e9serv\u00e9e mais on me dit que je ne suis pas pr\u00e9vue au bloc pour le\" \/>\n\t<meta name=\"robots\" content=\"max-image-preview:large\" \/>\n\t<meta name=\"author\" content=\"ko\"\/>\n\t<link rel=\"canonical\" href=\"https:\/\/voletsouvers.ovh\/index.php\/2026\/09\/02\/la-pose-du-port-a-cath\/\" \/>\n\t<meta name=\"generator\" content=\"All in One SEO (AIOSEO) 5.0.1.1\" \/>\n\t\t<meta property=\"og:locale\" content=\"fr_FR\" \/>\n\t\t<meta property=\"og:site_name\" content=\"Volets ou vers - Une po\u00e9sie \u00e0 plusieurs volets\" \/>\n\t\t<meta property=\"og:type\" content=\"article\" \/>\n\t\t<meta property=\"og:title\" content=\"La pose du port \u00e0 cath - Volets ou vers\" \/>\n\t\t<meta property=\"og:description\" content=\"La pose d\u2019un port \u00e0 cath se fait habituellement en chirurgie ambulatoire, sauf si l\u2019on est sous anti coagulants, ce qui est mon cas. J\u2019ai donc \u00e9t\u00e9 hospitalis\u00e9e une nuit.C\u2019\u00e9tait hier 31 et aujourd\u2019hui 1er septembre. Ma chambre \u00e9tait pourtant r\u00e9serv\u00e9e mais on me dit que je ne suis pas pr\u00e9vue au bloc pour le\" \/>\n\t\t<meta property=\"og:url\" content=\"https:\/\/voletsouvers.ovh\/index.php\/2026\/09\/02\/la-pose-du-port-a-cath\/\" \/>\n\t\t<meta property=\"article:published_time\" content=\"2026-09-02T14:07:31+00:00\" \/>\n\t\t<meta property=\"article:modified_time\" content=\"2026-09-02T14:25:33+00:00\" \/>\n\t\t<meta name=\"twitter:card\" content=\"summary_large_image\" \/>\n\t\t<meta name=\"twitter:title\" content=\"La pose du port \u00e0 cath - Volets ou vers\" \/>\n\t\t<meta name=\"twitter:description\" content=\"La pose d\u2019un port \u00e0 cath se fait habituellement en chirurgie ambulatoire, sauf si l\u2019on est sous anti coagulants, ce qui est mon cas. J\u2019ai donc \u00e9t\u00e9 hospitalis\u00e9e une nuit.C\u2019\u00e9tait hier 31 et aujourd\u2019hui 1er septembre. Ma chambre \u00e9tait pourtant r\u00e9serv\u00e9e mais on me dit que je ne suis pas pr\u00e9vue au bloc pour le\" \/>\n\t\t<script type=\"application\/ld+json\" class=\"aioseo-schema\">\n\t\t\t{\"@context\":\"https:\\\/\\\/schema.org\",\"@graph\":[{\"@type\":\"BlogPosting\",\"@id\":\"https:\\\/\\\/voletsouvers.ovh\\\/index.php\\\/2026\\\/09\\\/02\\\/la-pose-du-port-a-cath\\\/#blogposting\",\"name\":\"La pose du port \\u00e0 cath - Volets ou vers\",\"headline\":\"La pose du port \\u00e0 cath\",\"author\":{\"@id\":\"https:\\\/\\\/voletsouvers.ovh\\\/index.php\\\/author\\\/ko\\\/#author\"},\"publisher\":{\"@id\":\"https:\\\/\\\/voletsouvers.ovh\\\/#organization\"},\"datePublished\":\"2026-09-02T16:07:31+02:00\",\"dateModified\":\"2026-09-02T16:25:33+02:00\",\"inLanguage\":\"fr-FR\",\"mainEntityOfPage\":{\"@id\":\"https:\\\/\\\/voletsouvers.ovh\\\/index.php\\\/2026\\\/09\\\/02\\\/la-pose-du-port-a-cath\\\/#webpage\"},\"isPartOf\":{\"@id\":\"https:\\\/\\\/voletsouvers.ovh\\\/index.php\\\/2026\\\/09\\\/02\\\/la-pose-du-port-a-cath\\\/#webpage\"},\"articleSection\":\"Non class\\u00e9\"},{\"@type\":\"BreadcrumbList\",\"@id\":\"https:\\\/\\\/voletsouvers.ovh\\\/index.php\\\/2026\\\/09\\\/02\\\/la-pose-du-port-a-cath\\\/#breadcrumblist\",\"itemListElement\":[{\"@type\":\"ListItem\",\"@id\":\"https:\\\/\\\/voletsouvers.ovh#listItem\",\"position\":1,\"name\":\"Home\",\"item\":\"https:\\\/\\\/voletsouvers.ovh\",\"nextItem\":{\"@type\":\"ListItem\",\"@id\":\"https:\\\/\\\/voletsouvers.ovh\\\/index.php\\\/category\\\/non-classe\\\/#listItem\",\"name\":\"Non class\\u00e9\"}},{\"@type\":\"ListItem\",\"@id\":\"https:\\\/\\\/voletsouvers.ovh\\\/index.php\\\/category\\\/non-classe\\\/#listItem\",\"position\":2,\"name\":\"Non class\\u00e9\",\"item\":\"https:\\\/\\\/voletsouvers.ovh\\\/index.php\\\/category\\\/non-classe\\\/\",\"nextItem\":{\"@type\":\"ListItem\",\"@id\":\"https:\\\/\\\/voletsouvers.ovh\\\/index.php\\\/2026\\\/09\\\/02\\\/la-pose-du-port-a-cath\\\/#listItem\",\"name\":\"La pose du port \\u00e0 cath\"},\"previousItem\":{\"@type\":\"ListItem\",\"@id\":\"https:\\\/\\\/voletsouvers.ovh#listItem\",\"name\":\"Home\"}},{\"@type\":\"ListItem\",\"@id\":\"https:\\\/\\\/voletsouvers.ovh\\\/index.php\\\/2026\\\/09\\\/02\\\/la-pose-du-port-a-cath\\\/#listItem\",\"position\":3,\"name\":\"La pose du port \\u00e0 cath\",\"previousItem\":{\"@type\":\"ListItem\",\"@id\":\"https:\\\/\\\/voletsouvers.ovh\\\/index.php\\\/category\\\/non-classe\\\/#listItem\",\"name\":\"Non class\\u00e9\"}}]},{\"@type\":\"Organization\",\"@id\":\"https:\\\/\\\/voletsouvers.ovh\\\/#organization\",\"name\":\"Volets ou vers\",\"description\":\"Une po\\u00e9sie \\u00e0 plusieurs volets\",\"url\":\"https:\\\/\\\/voletsouvers.ovh\\\/\"},{\"@type\":\"Person\",\"@id\":\"https:\\\/\\\/voletsouvers.ovh\\\/index.php\\\/author\\\/ko\\\/#author\",\"url\":\"https:\\\/\\\/voletsouvers.ovh\\\/index.php\\\/author\\\/ko\\\/\",\"name\":\"ko\",\"image\":{\"@type\":\"ImageObject\",\"@id\":\"https:\\\/\\\/voletsouvers.ovh\\\/index.php\\\/2026\\\/09\\\/02\\\/la-pose-du-port-a-cath\\\/#authorImage\",\"url\":\"https:\\\/\\\/secure.gravatar.com\\\/avatar\\\/295fed968d892019201c5a2414731bf41a1c9f4ea98bada10e3a21f3de84503e?s=96&d=mm&r=g\",\"width\":96,\"height\":96,\"caption\":\"ko\"}},{\"@type\":\"WebPage\",\"@id\":\"https:\\\/\\\/voletsouvers.ovh\\\/index.php\\\/2026\\\/09\\\/02\\\/la-pose-du-port-a-cath\\\/#webpage\",\"url\":\"https:\\\/\\\/voletsouvers.ovh\\\/index.php\\\/2026\\\/09\\\/02\\\/la-pose-du-port-a-cath\\\/\",\"name\":\"La pose du port \\u00e0 cath - Volets ou vers\",\"description\":\"La pose d\\u2019un port \\u00e0 cath se fait habituellement en chirurgie ambulatoire, sauf si l\\u2019on est sous anti coagulants, ce qui est mon cas. J\\u2019ai donc \\u00e9t\\u00e9 hospitalis\\u00e9e une nuit.C\\u2019\\u00e9tait hier 31 et aujourd\\u2019hui 1er septembre. Ma chambre \\u00e9tait pourtant r\\u00e9serv\\u00e9e mais on me dit que je ne suis pas pr\\u00e9vue au bloc pour le\",\"inLanguage\":\"fr-FR\",\"isPartOf\":{\"@id\":\"https:\\\/\\\/voletsouvers.ovh\\\/#website\"},\"breadcrumb\":{\"@id\":\"https:\\\/\\\/voletsouvers.ovh\\\/index.php\\\/2026\\\/09\\\/02\\\/la-pose-du-port-a-cath\\\/#breadcrumblist\"},\"author\":{\"@id\":\"https:\\\/\\\/voletsouvers.ovh\\\/index.php\\\/author\\\/ko\\\/#author\"},\"creator\":{\"@id\":\"https:\\\/\\\/voletsouvers.ovh\\\/index.php\\\/author\\\/ko\\\/#author\"},\"datePublished\":\"2026-09-02T16:07:31+02:00\",\"dateModified\":\"2026-09-02T16:25:33+02:00\"},{\"@type\":\"WebSite\",\"@id\":\"https:\\\/\\\/voletsouvers.ovh\\\/#website\",\"url\":\"https:\\\/\\\/voletsouvers.ovh\\\/\",\"name\":\"Volets ou vers\",\"description\":\"Une po\\u00e9sie \\u00e0 plusieurs volets\",\"inLanguage\":\"fr-FR\",\"publisher\":{\"@id\":\"https:\\\/\\\/voletsouvers.ovh\\\/#organization\"}}]}\n\t\t<\/script>\n\t\t<!-- All in One SEO -->\n\n","aioseo_head_json":{"title":"La pose du port \u00e0 cath - Volets ou vers","description":"La pose d\u2019un port \u00e0 cath se fait habituellement en chirurgie ambulatoire, sauf si l\u2019on est sous anti coagulants, ce qui est mon cas. J\u2019ai donc \u00e9t\u00e9 hospitalis\u00e9e une nuit.C\u2019\u00e9tait hier 31 et aujourd\u2019hui 1er septembre. Ma chambre \u00e9tait pourtant r\u00e9serv\u00e9e mais on me dit que je ne suis pas pr\u00e9vue au bloc pour le","canonical_url":"https:\/\/voletsouvers.ovh\/index.php\/2026\/09\/02\/la-pose-du-port-a-cath\/","robots":"max-image-preview:large","keywords":"","webmasterTools":{"miscellaneous":""},"schema":{"@context":"https:\/\/schema.org","@graph":[{"@type":"BlogPosting","@id":"https:\/\/voletsouvers.ovh\/index.php\/2026\/09\/02\/la-pose-du-port-a-cath\/#blogposting","name":"La pose du port \u00e0 cath - Volets ou vers","headline":"La pose du port \u00e0 cath","author":{"@id":"https:\/\/voletsouvers.ovh\/index.php\/author\/ko\/#author"},"publisher":{"@id":"https:\/\/voletsouvers.ovh\/#organization"},"datePublished":"2026-09-02T16:07:31+02:00","dateModified":"2026-09-02T16:25:33+02:00","inLanguage":"fr-FR","mainEntityOfPage":{"@id":"https:\/\/voletsouvers.ovh\/index.php\/2026\/09\/02\/la-pose-du-port-a-cath\/#webpage"},"isPartOf":{"@id":"https:\/\/voletsouvers.ovh\/index.php\/2026\/09\/02\/la-pose-du-port-a-cath\/#webpage"},"articleSection":"Non class\u00e9"},{"@type":"BreadcrumbList","@id":"https:\/\/voletsouvers.ovh\/index.php\/2026\/09\/02\/la-pose-du-port-a-cath\/#breadcrumblist","itemListElement":[{"@type":"ListItem","@id":"https:\/\/voletsouvers.ovh#listItem","position":1,"name":"Home","item":"https:\/\/voletsouvers.ovh","nextItem":{"@type":"ListItem","@id":"https:\/\/voletsouvers.ovh\/index.php\/category\/non-classe\/#listItem","name":"Non class\u00e9"}},{"@type":"ListItem","@id":"https:\/\/voletsouvers.ovh\/index.php\/category\/non-classe\/#listItem","position":2,"name":"Non class\u00e9","item":"https:\/\/voletsouvers.ovh\/index.php\/category\/non-classe\/","nextItem":{"@type":"ListItem","@id":"https:\/\/voletsouvers.ovh\/index.php\/2026\/09\/02\/la-pose-du-port-a-cath\/#listItem","name":"La pose du port \u00e0 cath"},"previousItem":{"@type":"ListItem","@id":"https:\/\/voletsouvers.ovh#listItem","name":"Home"}},{"@type":"ListItem","@id":"https:\/\/voletsouvers.ovh\/index.php\/2026\/09\/02\/la-pose-du-port-a-cath\/#listItem","position":3,"name":"La pose du port \u00e0 cath","previousItem":{"@type":"ListItem","@id":"https:\/\/voletsouvers.ovh\/index.php\/category\/non-classe\/#listItem","name":"Non class\u00e9"}}]},{"@type":"Organization","@id":"https:\/\/voletsouvers.ovh\/#organization","name":"Volets ou vers","description":"Une po\u00e9sie \u00e0 plusieurs volets","url":"https:\/\/voletsouvers.ovh\/"},{"@type":"Person","@id":"https:\/\/voletsouvers.ovh\/index.php\/author\/ko\/#author","url":"https:\/\/voletsouvers.ovh\/index.php\/author\/ko\/","name":"ko","image":{"@type":"ImageObject","@id":"https:\/\/voletsouvers.ovh\/index.php\/2026\/09\/02\/la-pose-du-port-a-cath\/#authorImage","url":"https:\/\/secure.gravatar.com\/avatar\/295fed968d892019201c5a2414731bf41a1c9f4ea98bada10e3a21f3de84503e?s=96&d=mm&r=g","width":96,"height":96,"caption":"ko"}},{"@type":"WebPage","@id":"https:\/\/voletsouvers.ovh\/index.php\/2026\/09\/02\/la-pose-du-port-a-cath\/#webpage","url":"https:\/\/voletsouvers.ovh\/index.php\/2026\/09\/02\/la-pose-du-port-a-cath\/","name":"La pose du port \u00e0 cath - Volets ou vers","description":"La pose d\u2019un port \u00e0 cath se fait habituellement en chirurgie ambulatoire, sauf si l\u2019on est sous anti coagulants, ce qui est mon cas. J\u2019ai donc \u00e9t\u00e9 hospitalis\u00e9e une nuit.C\u2019\u00e9tait hier 31 et aujourd\u2019hui 1er septembre. Ma chambre \u00e9tait pourtant r\u00e9serv\u00e9e mais on me dit que je ne suis pas pr\u00e9vue au bloc pour le","inLanguage":"fr-FR","isPartOf":{"@id":"https:\/\/voletsouvers.ovh\/#website"},"breadcrumb":{"@id":"https:\/\/voletsouvers.ovh\/index.php\/2026\/09\/02\/la-pose-du-port-a-cath\/#breadcrumblist"},"author":{"@id":"https:\/\/voletsouvers.ovh\/index.php\/author\/ko\/#author"},"creator":{"@id":"https:\/\/voletsouvers.ovh\/index.php\/author\/ko\/#author"},"datePublished":"2026-09-02T16:07:31+02:00","dateModified":"2026-09-02T16:25:33+02:00"},{"@type":"WebSite","@id":"https:\/\/voletsouvers.ovh\/#website","url":"https:\/\/voletsouvers.ovh\/","name":"Volets ou vers","description":"Une po\u00e9sie \u00e0 plusieurs volets","inLanguage":"fr-FR","publisher":{"@id":"https:\/\/voletsouvers.ovh\/#organization"}}]},"og:locale":"fr_FR","og:site_name":"Volets ou vers - Une po\u00e9sie \u00e0 plusieurs volets","og:type":"article","og:title":"La pose du port \u00e0 cath - Volets ou vers","og:description":"La pose d\u2019un port \u00e0 cath se fait habituellement en chirurgie ambulatoire, sauf si l\u2019on est sous anti coagulants, ce qui est mon cas. J\u2019ai donc \u00e9t\u00e9 hospitalis\u00e9e une nuit.C\u2019\u00e9tait hier 31 et aujourd\u2019hui 1er septembre. Ma chambre \u00e9tait pourtant r\u00e9serv\u00e9e mais on me dit que je ne suis pas pr\u00e9vue au bloc pour le","og:url":"https:\/\/voletsouvers.ovh\/index.php\/2026\/09\/02\/la-pose-du-port-a-cath\/","article:published_time":"2026-09-02T14:07:31+00:00","article:modified_time":"2026-09-02T14:25:33+00:00","twitter:card":"summary_large_image","twitter:title":"La pose du port \u00e0 cath - Volets ou vers","twitter:description":"La pose d\u2019un port \u00e0 cath se fait habituellement en chirurgie ambulatoire, sauf si l\u2019on est sous anti coagulants, ce qui est mon cas. J\u2019ai donc \u00e9t\u00e9 hospitalis\u00e9e une nuit.C\u2019\u00e9tait hier 31 et aujourd\u2019hui 1er septembre. Ma chambre \u00e9tait pourtant r\u00e9serv\u00e9e mais on me dit que je ne suis pas pr\u00e9vue au bloc pour le"},"aioseo_meta_data":{"post_id":"4712","title":null,"description":null,"keywords":null,"keyphrases":{"focus":{"keyphrase":"","score":0,"analysis":{"keyphraseInTitle":{"score":0,"maxScore":9,"error":1}}},"additional":[]},"primary_term":null,"canonical_url":null,"og_title":null,"og_description":null,"og_object_type":"default","og_image_type":"default","og_image_url":null,"og_image_width":null,"og_image_height":null,"og_image_custom_url":null,"og_image_custom_fields":null,"og_video":"","og_custom_url":null,"og_article_section":null,"og_article_tags":null,"twitter_use_og":false,"twitter_card":"default","twitter_image_type":"default","twitter_image_url":null,"twitter_image_custom_url":null,"twitter_image_custom_fields":null,"twitter_title":null,"twitter_description":null,"schema":{"blockGraphs":[],"customGraphs":[],"default":{"data":{"Article":[],"Course":[],"Dataset":[],"FAQPage":[],"Movie":[],"Person":[],"Product":[],"ProductReview":[],"Car":[],"Recipe":[],"Service":[],"SoftwareApplication":[],"WebPage":[]},"graphName":"BlogPosting","isEnabled":true},"graphs":[]},"schema_type":"default","schema_type_options":null,"pillar_content":false,"robots_default":true,"robots_noindex":false,"robots_noarchive":false,"robots_nosnippet":false,"robots_nofollow":false,"robots_noimageindex":false,"robots_noodp":false,"robots_notranslate":false,"robots_max_snippet":"-1","robots_max_videopreview":"-1","robots_max_imagepreview":"large","priority":null,"frequency":"default","local_seo":null,"breadcrumb_settings":null,"limit_modified_date":false,"ai":{"faqs":[],"keyPoints":[],"schemas":[],"titles":[],"descriptions":[],"socialPosts":{"email":{"subject":"","preview":"","content":""},"linkedin":[],"twitter":[],"facebook":[],"instagram":[]}},"created":"2026-09-02 14:03:53","updated":"2026-09-02 14:48:37","seo_analyzer_scan_date":null,"focus_keyword":null,"additional_keywords":null,"truseo_locale":null},"aioseo_breadcrumb":"<div class=\"aioseo-breadcrumbs\"><span class=\"aioseo-breadcrumb\">\n\t\t\t<a href=\"https:\/\/voletsouvers.ovh\" title=\"Home\">Home<\/a>\n\t\t<\/span><span class=\"aioseo-breadcrumb-separator\">&raquo;<\/span><span class=\"aioseo-breadcrumb\">\n\t\t\t<a href=\"https:\/\/voletsouvers.ovh\/index.php\/category\/non-classe\/\" title=\"Non class\u00e9\">Non class\u00e9<\/a>\n\t\t<\/span><span class=\"aioseo-breadcrumb-separator\">&raquo;<\/span><span class=\"aioseo-breadcrumb\">\n\t\t\tLa pose du port \u00e0 cath\n\t\t<\/span><\/div>","aioseo_breadcrumb_json":[{"label":"Home","link":"https:\/\/voletsouvers.ovh"},{"label":"Non class\u00e9","link":"https:\/\/voletsouvers.ovh\/index.php\/category\/non-classe\/"},{"label":"La pose du port \u00e0 cath","link":"https:\/\/voletsouvers.ovh\/index.php\/2026\/09\/02\/la-pose-du-port-a-cath\/"}],"_links":{"self":[{"href":"https:\/\/voletsouvers.ovh\/index.php\/wp-json\/wp\/v2\/posts\/4712","targetHints":{"allow":["GET"]}}],"collection":[{"href":"https:\/\/voletsouvers.ovh\/index.php\/wp-json\/wp\/v2\/posts"}],"about":[{"href":"https:\/\/voletsouvers.ovh\/index.php\/wp-json\/wp\/v2\/types\/post"}],"author":[{"embeddable":true,"href":"https:\/\/voletsouvers.ovh\/index.php\/wp-json\/wp\/v2\/users\/1"}],"replies":[{"embeddable":true,"href":"https:\/\/voletsouvers.ovh\/index.php\/wp-json\/wp\/v2\/comments?post=4712"}],"version-history":[{"count":5,"href":"https:\/\/voletsouvers.ovh\/index.php\/wp-json\/wp\/v2\/posts\/4712\/revisions"}],"predecessor-version":[{"id":4719,"href":"https:\/\/voletsouvers.ovh\/index.php\/wp-json\/wp\/v2\/posts\/4712\/revisions\/4719"}],"wp:attachment":[{"href":"https:\/\/voletsouvers.ovh\/index.php\/wp-json\/wp\/v2\/media?parent=4712"}],"wp:term":[{"taxonomy":"category","embeddable":true,"href":"https:\/\/voletsouvers.ovh\/index.php\/wp-json\/wp\/v2\/categories?post=4712"},{"taxonomy":"post_tag","embeddable":true,"href":"https:\/\/voletsouvers.ovh\/index.php\/wp-json\/wp\/v2\/tags?post=4712"}],"curies":[{"name":"wp","href":"https:\/\/api.w.org\/{rel}","templated":true}]}}