{"id":4578,"date":"2025-08-27T17:07:01","date_gmt":"2025-08-27T15:07:01","guid":{"rendered":"http:\/\/voletsouvers.ovh\/?p=4578"},"modified":"2025-08-27T17:08:07","modified_gmt":"2025-08-27T15:08:07","slug":"et-bientot-les-cerfs","status":"publish","type":"post","link":"https:\/\/voletsouvers.ovh\/index.php\/2025\/08\/27\/et-bientot-les-cerfs\/","title":{"rendered":"Et bient\u00f4t les cerfs"},"content":{"rendered":"<p>[et_pb_section fb_built=\u00a0\u00bb1&Prime; _builder_version=\u00a0\u00bb4.16&Prime; global_colors_info=\u00a0\u00bb{}\u00a0\u00bb][et_pb_row _builder_version=\u00a0\u00bb4.16&Prime; background_size=\u00a0\u00bbinitial\u00a0\u00bb background_position=\u00a0\u00bbtop_left\u00a0\u00bb background_repeat=\u00a0\u00bbrepeat\u00a0\u00bb global_colors_info=\u00a0\u00bb{}\u00a0\u00bb][et_pb_column type=\u00a0\u00bb4_4&Prime; _builder_version=\u00a0\u00bb4.16&Prime; custom_padding=\u00a0\u00bb|||\u00a0\u00bb global_colors_info=\u00a0\u00bb{}\u00a0\u00bb custom_padding__hover=\u00a0\u00bb|||\u00a0\u00bb][et_pb_text admin_label=\u00a0\u00bbTexte\u00a0\u00bb _builder_version=\u00a0\u00bb4.27.4&Prime; background_size=\u00a0\u00bbinitial\u00a0\u00bb background_position=\u00a0\u00bbtop_left\u00a0\u00bb background_repeat=\u00a0\u00bbrepeat\u00a0\u00bb global_colors_info=\u00a0\u00bb{}\u00a0\u00bb]<\/p>\n<p><span style=\"font-family: verdana, geneva, sans-serif; font-size: 12pt;\">Un dernier soir de l\u2019\u00e9t\u00e9<\/span><br \/><span style=\"font-family: verdana, geneva, sans-serif; font-size: 12pt;\">il nous pleuvait dessus <\/span><br \/><span style=\"font-family: verdana, geneva, sans-serif; font-size: 12pt;\">mille papillons tomb\u00e9s de la lumi\u00e8re<\/span><br \/><span style=\"font-family: verdana, geneva, sans-serif; font-size: 12pt;\">Maintenant il pleut de l\u2019eau<\/span><br \/><span style=\"font-family: verdana, geneva, sans-serif; font-size: 12pt;\">il a plu, ne pleut plus<\/span><br \/><span style=\"font-family: verdana, geneva, sans-serif; font-size: 12pt;\">et le brouillard monte de la terre \u00e0 la nuit<\/span><br \/><span style=\"font-family: verdana, geneva, sans-serif; font-size: 12pt;\">Il n\u2019est pas s\u00fbr que le soleil se l\u00e8ve <\/span><br \/><span style=\"font-family: verdana, geneva, sans-serif; font-size: 12pt;\">Les cigales ont fichu le camp au Gro\u00ebnland<\/span><br \/><span style=\"font-family: verdana, geneva, sans-serif; font-size: 12pt;\">c\u2019est une d\u00e9flagration de silence<\/span><br \/><span style=\"font-family: verdana, geneva, sans-serif; font-size: 12pt;\">si ce n\u2019est de temps \u00e0 autre<\/span><br \/><span style=\"font-family: verdana, geneva, sans-serif; font-size: 12pt;\">la rivi\u00e8re du vent dans les arbres<\/span><br \/><span style=\"font-family: verdana, geneva, sans-serif; font-size: 12pt;\">et la complainte grin\u00e7ante et rouill\u00e9e <\/span><br \/><span style=\"font-family: verdana, geneva, sans-serif; font-size: 12pt;\">de l\u2019\u00e2ne voisin<\/span><\/p>\n<p>&nbsp;<\/p>\n<p>[\/et_pb_text][et_pb_post_nav _builder_version=\u00a0\u00bb4.27.4&Prime; _module_preset=\u00a0\u00bbdefault\u00a0\u00bb global_colors_info=\u00a0\u00bb{}\u00a0\u00bb prev_text__hover_enabled=\u00a0\u00bbon|desktop\u00a0\u00bb next_text__hover_enabled=\u00a0\u00bbon|desktop\u00a0\u00bb][\/et_pb_post_nav][\/et_pb_column][\/et_pb_row][\/et_pb_section]<\/p>\n","protected":false},"excerpt":{"rendered":"<p>Un dernier soir de l\u2019\u00e9t\u00e9il nous pleuvait dessus mille papillons tomb\u00e9s de la lumi\u00e8reMaintenant il pleut de l\u2019eauil a plu, ne pleut pluset le brouillard monte de la terre \u00e0 la nuitIl n\u2019est pas s\u00fbr que le soleil se l\u00e8ve Les cigales ont fichu le camp au Gro\u00ebnlandc\u2019est une d\u00e9flagration de silencesi ce n\u2019est de [&hellip;]<\/p>\n","protected":false},"author":1,"featured_media":0,"comment_status":"open","ping_status":"open","sticky":false,"template":"","format":"standard","meta":{"_et_pb_use_builder":"on","_et_pb_old_content":"<p><span style=\"font-family: verdana, geneva, sans-serif; font-size: 12pt;\">Un dernier soir de l\u2019\u00e9t\u00e9<\/span><br \/><span style=\"font-family: verdana, geneva, sans-serif; font-size: 12pt;\">il nous pleuvait dessus <\/span><br \/><span style=\"font-family: verdana, geneva, sans-serif; font-size: 12pt;\">mille papillons tomb\u00e9s de la lumi\u00e8re<\/span><br \/><span style=\"font-family: verdana, geneva, sans-serif; font-size: 12pt;\">Maintenant il pleut de l\u2019eau<\/span><br \/><span style=\"font-family: verdana, geneva, sans-serif; font-size: 12pt;\">il a plu, ne pleut plus<\/span><br \/><span style=\"font-family: verdana, geneva, sans-serif; font-size: 12pt;\">et le brouillard monte de la terre \u00e0 la nuit<\/span><br \/><span style=\"font-family: verdana, geneva, sans-serif; font-size: 12pt;\">Il n\u2019est pas s\u00fbr que le soleil se l\u00e8ve <\/span><br \/><span style=\"font-family: verdana, geneva, sans-serif; font-size: 12pt;\">Les cigales ont fichu le camp au Gro\u00ebnland<\/span><br \/><span style=\"font-family: verdana, geneva, sans-serif; font-size: 12pt;\">c\u2019est une d\u00e9flagration de silence<\/span><br \/><span style=\"font-family: verdana, geneva, sans-serif; font-size: 12pt;\">si ce n\u2019est de temps \u00e0 autre<\/span><br \/><span style=\"font-family: verdana, geneva, sans-serif; font-size: 12pt;\">la rivi\u00e8re du vent dans les arbres<\/span><br \/><span style=\"font-family: verdana, geneva, sans-serif; font-size: 12pt;\">et la complainte grin\u00e7ante et rouill\u00e9e <\/span><br \/><span style=\"font-family: verdana, geneva, sans-serif; font-size: 12pt;\">de l\u2019\u00e2ne voisin<\/span><\/p><p>\u00a0<\/p>","_et_gb_content_width":"","om_disable_all_campaigns":false,"_exactmetrics_skip_tracking":false,"_exactmetrics_sitenote_active":false,"_exactmetrics_sitenote_note":"","_exactmetrics_sitenote_category":0,"_monsterinsights_skip_tracking":false,"_monsterinsights_sitenote_active":false,"_monsterinsights_sitenote_note":"","_monsterinsights_sitenote_category":0,"footnotes":""},"categories":[34],"tags":[],"class_list":["post-4578","post","type-post","status-publish","format-standard","hentry","category-seizieme-volet"],"aioseo_notices":[],"_links":{"self":[{"href":"https:\/\/voletsouvers.ovh\/index.php\/wp-json\/wp\/v2\/posts\/4578","targetHints":{"allow":["GET"]}}],"collection":[{"href":"https:\/\/voletsouvers.ovh\/index.php\/wp-json\/wp\/v2\/posts"}],"about":[{"href":"https:\/\/voletsouvers.ovh\/index.php\/wp-json\/wp\/v2\/types\/post"}],"author":[{"embeddable":true,"href":"https:\/\/voletsouvers.ovh\/index.php\/wp-json\/wp\/v2\/users\/1"}],"replies":[{"embeddable":true,"href":"https:\/\/voletsouvers.ovh\/index.php\/wp-json\/wp\/v2\/comments?post=4578"}],"version-history":[{"count":4,"href":"https:\/\/voletsouvers.ovh\/index.php\/wp-json\/wp\/v2\/posts\/4578\/revisions"}],"predecessor-version":[{"id":4583,"href":"https:\/\/voletsouvers.ovh\/index.php\/wp-json\/wp\/v2\/posts\/4578\/revisions\/4583"}],"wp:attachment":[{"href":"https:\/\/voletsouvers.ovh\/index.php\/wp-json\/wp\/v2\/media?parent=4578"}],"wp:term":[{"taxonomy":"category","embeddable":true,"href":"https:\/\/voletsouvers.ovh\/index.php\/wp-json\/wp\/v2\/categories?post=4578"},{"taxonomy":"post_tag","embeddable":true,"href":"https:\/\/voletsouvers.ovh\/index.php\/wp-json\/wp\/v2\/tags?post=4578"}],"curies":[{"name":"wp","href":"https:\/\/api.w.org\/{rel}","templated":true}]}}