{"id":3920,"date":"2020-08-09T12:14:36","date_gmt":"2020-08-09T10:14:36","guid":{"rendered":"http:\/\/voletsouvers.ovh\/?p=3920"},"modified":"2020-09-14T16:22:53","modified_gmt":"2020-09-14T14:22:53","slug":"plaisians-resonance","status":"publish","type":"post","link":"https:\/\/voletsouvers.ovh\/index.php\/2020\/08\/09\/plaisians-resonance\/","title":{"rendered":"Plaisians r\u00e9sonance"},"content":{"rendered":"<p>[et_pb_section bb_built=\u00a0\u00bb1&Prime;][et_pb_row][et_pb_column type=\u00a0\u00bb4_4&Prime;][et_pb_text]<\/p>\n<p><span style=\"font-family: verdana, geneva, sans-serif; font-size: 12pt;\">Nous sommes revenus de Plaisians<\/span><br \/>\n<span style=\"font-family: verdana, geneva, sans-serif; font-size: 12pt;\">Enfin je crois<\/span><br \/>\n<span style=\"font-family: verdana, geneva, sans-serif; font-size: 12pt;\">Je ne sais pas si l&rsquo;on peut revenir tout \u00e0 fait<\/span><br \/>\n<span style=\"font-family: verdana, geneva, sans-serif; font-size: 12pt;\">de tels instants<\/span><\/p>\n<p><span style=\"font-family: verdana, geneva, sans-serif; font-size: 12pt;\">Peut-on parler d&rsquo;oreille hypnotis\u00e9e ?<\/span><br \/>\n<span style=\"font-family: verdana, geneva, sans-serif; font-size: 12pt;\">Peut-on parler d&rsquo;\u00e9blouissement acoustique ?<\/span><\/p>\n<p><span style=\"font-family: verdana, geneva, sans-serif; font-size: 12pt;\">Les mots sous l&rsquo;archet<\/span><br \/>\n<span style=\"font-family: verdana, geneva, sans-serif; font-size: 12pt;\">un archet pour le vent <\/span><br \/>\n<span style=\"font-family: verdana, geneva, sans-serif; font-size: 12pt;\">un autre pour la lumi\u00e8re<\/span><\/p>\n<p><span style=\"font-family: verdana, geneva, sans-serif; font-size: 12pt;\">Le Ventoux s&rsquo;est lev\u00e9<\/span><br \/>\n<span style=\"font-family: verdana, geneva, sans-serif; font-size: 12pt;\">piano tango<\/span><\/p>\n<p><span style=\"font-family: verdana, geneva, sans-serif; font-size: 12pt;\">Vibration de la voix <\/span><br \/>\n<span style=\"font-family: verdana, geneva, sans-serif; font-size: 12pt;\">les mots dans la peau<\/span><br \/>\n<span style=\"font-family: verdana, geneva, sans-serif; font-size: 12pt;\">longtemps, longtemps<\/span><br \/>\n<span style=\"font-family: verdana, geneva, sans-serif; font-size: 12pt;\">pizzicato<\/span><\/p>\n<p><span style=\"font-family: verdana, geneva, sans-serif;\">9 ao\u00fbt 2020<\/span><\/p>\n<p><em><span style=\"font-family: verdana, geneva, sans-serif; font-size: 12pt;\">Merci \u00e0 Benjamin, Philippe, Emilie, Anne (Marie), Beno\u00eet, Fran\u00e7ois, Lola, Alain, Domilia, <\/span><span style=\"font-family: verdana, geneva, sans-serif; font-size: 12pt;\">\u00e0 tous ceux qui \u00e9taient l\u00e0<\/span><\/em>, <em><span style=\"font-family: verdana, geneva, sans-serif; font-size: 12pt;\">\u00e0 tout l&rsquo;accueil Ackenbush, \u00e0 la (d\u00e9)mesure de la joie.<\/span><\/em><\/p>\n<p>Et pardon aux personnes que mon coeur intempestif a pu d\u00e9ranger&#8230;!<\/p>\n<p><img loading=\"lazy\" decoding=\"async\" class=\"alignnone size-large wp-image-3921\" src=\"http:\/\/voletsouvers.ovh\/wp-content\/uploads\/2020\/08\/107095607_10158647459557500_7751187156476886647_o-695x1024.jpg\" alt=\"Ackenbush\" width=\"695\" height=\"1024\" srcset=\"https:\/\/voletsouvers.ovh\/wp-content\/uploads\/2020\/08\/107095607_10158647459557500_7751187156476886647_o-695x1024.jpg 695w, https:\/\/voletsouvers.ovh\/wp-content\/uploads\/2020\/08\/107095607_10158647459557500_7751187156476886647_o-204x300.jpg 204w, https:\/\/voletsouvers.ovh\/wp-content\/uploads\/2020\/08\/107095607_10158647459557500_7751187156476886647_o-768x1132.jpg 768w, https:\/\/voletsouvers.ovh\/wp-content\/uploads\/2020\/08\/107095607_10158647459557500_7751187156476886647_o-600x884.jpg 600w, https:\/\/voletsouvers.ovh\/wp-content\/uploads\/2020\/08\/107095607_10158647459557500_7751187156476886647_o-1080x1592.jpg 1080w, https:\/\/voletsouvers.ovh\/wp-content\/uploads\/2020\/08\/107095607_10158647459557500_7751187156476886647_o.jpg 1190w\" sizes=\"(max-width: 695px) 100vw, 695px\" \/><\/p>\n<p>&nbsp;<\/p>\n<p>[\/et_pb_text][et_pb_post_nav _builder_version=\u00a0\u00bb3.19.18&Prime; in_same_term=\u00a0\u00bboff\u00a0\u00bb \/][\/et_pb_column][\/et_pb_row][\/et_pb_section]<\/p>\n","protected":false},"excerpt":{"rendered":"<p><div class=\"et_pb_row et_pb_row_0 et_pb_row_empty\">\n\t\t\t\t\n\t\t\t\t\n\t\t\t\t\n\t\t\t\t\n\t\t\t\t\n\t\t\t<\/div><div class=\"et_pb_module et_pb_text et_pb_text_0  et_pb_text_align_left et_pb_bg_layout_light\">\n\t\t\t\t\n\t\t\t\t\n\t\t\t\t\n\t\t\t\t\n\t\t\t\t\n\t\t\t<\/div> Nous sommes revenus de Plaisians Enfin je crois Je ne sais pas si l&rsquo;on peut revenir tout \u00e0 fait de tels instants Peut-on parler d&rsquo;oreille hypnotis\u00e9e ? Peut-on parler d&rsquo;\u00e9blouissement acoustique ? Les mots sous l&rsquo;archet un archet pour le vent un autre pour la lumi\u00e8re Le Ventoux s&rsquo;est lev\u00e9 piano tango Vibration de [&hellip;]<\/p>\n","protected":false},"author":1,"featured_media":0,"comment_status":"open","ping_status":"open","sticky":false,"template":"","format":"standard","meta":{"_et_pb_use_builder":"on","_et_pb_old_content":"<p><span style=\"font-family: verdana, geneva, sans-serif; font-size: 12pt;\">Nous sommes revenus de Plaisians<\/span><br \/><span style=\"font-family: verdana, geneva, sans-serif; font-size: 12pt;\">Enfin je crois<\/span><br \/><span style=\"font-family: verdana, geneva, sans-serif; font-size: 12pt;\">Je ne sais pas si l'on peut revenir tout \u00e0 fait<\/span><br \/><span style=\"font-family: verdana, geneva, sans-serif; font-size: 12pt;\">de tels instants<\/span><\/p><p><span style=\"font-family: verdana, geneva, sans-serif; font-size: 12pt;\">Peut-on parler d'oreille hypnotis\u00e9e ?<\/span><br \/><span style=\"font-family: verdana, geneva, sans-serif; font-size: 12pt;\">Peut-on parler d'\u00e9blouissement acoustique ?<\/span><\/p><p><span style=\"font-family: verdana, geneva, sans-serif; font-size: 12pt;\">Les mots sous l'archet<\/span><br \/><span style=\"font-family: verdana, geneva, sans-serif; font-size: 12pt;\">un archet pour le vent <\/span><br \/><span style=\"font-family: verdana, geneva, sans-serif; font-size: 12pt;\">un autre pour la lumi\u00e8re<\/span><\/p><p><span style=\"font-family: verdana, geneva, sans-serif; font-size: 12pt;\">Le Ventoux s'est lev\u00e9<\/span><br \/><span style=\"font-family: verdana, geneva, sans-serif; font-size: 12pt;\">piano tango<\/span><\/p><p><span style=\"font-family: verdana, geneva, sans-serif; font-size: 12pt;\">Vibration de la voix <\/span><br \/><span style=\"font-family: verdana, geneva, sans-serif; font-size: 12pt;\">les mots dans la peau<\/span><br \/><span style=\"font-family: verdana, geneva, sans-serif; font-size: 12pt;\">longtemps, longtemps<\/span><br \/><span style=\"font-family: verdana, geneva, sans-serif; font-size: 12pt;\">pizzicato<\/span><\/p><p><span style=\"font-family: verdana, geneva, sans-serif;\">9 ao\u00fbt 2020<\/span><\/p><p><em><span style=\"font-family: verdana, geneva, sans-serif; font-size: 12pt;\">Merci \u00e0 Benjamin, Philippe, Emilie, Anne (Marie), Beno\u00eet, Fran\u00e7ois, Lola, Alain, Domilia, <\/span><span style=\"font-family: verdana, geneva, sans-serif; font-size: 12pt;\">\u00e0 tous ceux qui \u00e9taient l\u00e0<\/span><\/em>, <em><span style=\"font-family: verdana, geneva, sans-serif; font-size: 12pt;\">\u00e0 tout l'accueil Ackenbush, \u00e0 la (d\u00e9)mesure de la joie.<\/span><\/em><\/p><p>Et pardon aux personnes que mon coeur intempestif a pu d\u00e9ranger...!<\/p><p><img class=\"alignnone size-large wp-image-3921\" src=\"http:\/\/voletsouvers.ovh\/wp-content\/uploads\/2020\/08\/107095607_10158647459557500_7751187156476886647_o-695x1024.jpg\" alt=\"Ackenbush\" width=\"695\" height=\"1024\" \/><\/p><p>\u00a0<\/p>","_et_gb_content_width":"","om_disable_all_campaigns":false,"_exactmetrics_skip_tracking":false,"_exactmetrics_sitenote_active":false,"_exactmetrics_sitenote_note":"","_exactmetrics_sitenote_category":0,"_monsterinsights_skip_tracking":false,"_monsterinsights_sitenote_active":false,"_monsterinsights_sitenote_note":"","_monsterinsights_sitenote_category":0,"footnotes":""},"categories":[34],"tags":[],"class_list":["post-3920","post","type-post","status-publish","format-standard","hentry","category-seizieme-volet"],"aioseo_notices":[],"_links":{"self":[{"href":"https:\/\/voletsouvers.ovh\/index.php\/wp-json\/wp\/v2\/posts\/3920","targetHints":{"allow":["GET"]}}],"collection":[{"href":"https:\/\/voletsouvers.ovh\/index.php\/wp-json\/wp\/v2\/posts"}],"about":[{"href":"https:\/\/voletsouvers.ovh\/index.php\/wp-json\/wp\/v2\/types\/post"}],"author":[{"embeddable":true,"href":"https:\/\/voletsouvers.ovh\/index.php\/wp-json\/wp\/v2\/users\/1"}],"replies":[{"embeddable":true,"href":"https:\/\/voletsouvers.ovh\/index.php\/wp-json\/wp\/v2\/comments?post=3920"}],"version-history":[{"count":4,"href":"https:\/\/voletsouvers.ovh\/index.php\/wp-json\/wp\/v2\/posts\/3920\/revisions"}],"predecessor-version":[{"id":3941,"href":"https:\/\/voletsouvers.ovh\/index.php\/wp-json\/wp\/v2\/posts\/3920\/revisions\/3941"}],"wp:attachment":[{"href":"https:\/\/voletsouvers.ovh\/index.php\/wp-json\/wp\/v2\/media?parent=3920"}],"wp:term":[{"taxonomy":"category","embeddable":true,"href":"https:\/\/voletsouvers.ovh\/index.php\/wp-json\/wp\/v2\/categories?post=3920"},{"taxonomy":"post_tag","embeddable":true,"href":"https:\/\/voletsouvers.ovh\/index.php\/wp-json\/wp\/v2\/tags?post=3920"}],"curies":[{"name":"wp","href":"https:\/\/api.w.org\/{rel}","templated":true}]}}