{"id":3857,"date":"2020-05-18T10:35:43","date_gmt":"2020-05-18T08:35:43","guid":{"rendered":"http:\/\/voletsouvers.ovh\/?p=3857"},"modified":"2020-05-18T10:35:43","modified_gmt":"2020-05-18T08:35:43","slug":"je-reviens-de-la-nuit","status":"publish","type":"post","link":"https:\/\/voletsouvers.ovh\/index.php\/2020\/05\/18\/je-reviens-de-la-nuit\/","title":{"rendered":"Je reviens de la nuit"},"content":{"rendered":"<p>[et_pb_section bb_built=\u00a0\u00bb1&Prime;][et_pb_row][et_pb_column type=\u00a0\u00bb4_4&Prime;][et_pb_text _builder_version=\u00a0\u00bb3.19.18&Prime;]<\/p>\n<p><span style=\"font-family: verdana, geneva, sans-serif; font-size: 12pt;\">J&rsquo;ai quinze ans \u00e0 Brazza<\/span> <br \/><span style=\"font-family: verdana, geneva, sans-serif; font-size: 12pt;\">et le jour se l\u00e8ve <\/span> <br \/><span style=\"font-family: verdana, geneva, sans-serif; font-size: 12pt;\">chaleur et moiteur d\u00e9j\u00e0<\/span> <br \/><span style=\"font-family: verdana, geneva, sans-serif; font-size: 12pt;\">montent autour de mes jambes<\/span><\/p>\n<p><span style=\"font-family: verdana, geneva, sans-serif; font-size: 12pt;\">Les matins sont p\u00e2teux<\/span> <br \/><span style=\"font-family: verdana, geneva, sans-serif; font-size: 12pt;\">quand on ne dort pas<\/span> <br \/><span style=\"font-family: verdana, geneva, sans-serif; font-size: 12pt;\">J&rsquo;ai quinze ans <\/span> <br \/><span style=\"font-family: verdana, geneva, sans-serif; font-size: 12pt;\">et reviens de la nuit<\/span><\/p>\n<p><span style=\"font-family: verdana, geneva, sans-serif; font-size: 12pt;\">Vivre au jour le jour<\/span> <br \/><span style=\"font-family: verdana, geneva, sans-serif; font-size: 12pt;\">mais \u00e0 la nuit la nuit<\/span> <br \/><span style=\"font-family: verdana, geneva, sans-serif; font-size: 12pt;\">aussi<\/span><\/p>\n<p><span style=\"font-family: verdana, geneva, sans-serif; font-size: 12pt;\">Neil Young, tes accords<\/span> <br \/><span style=\"font-family: verdana, geneva, sans-serif; font-size: 12pt;\">J&rsquo;ai toujours quinze ans \u00e0 Brazza<\/span> <br \/><span style=\"font-family: verdana, geneva, sans-serif; font-size: 12pt;\">et reviens de la nuit<\/span><\/p>\n<p>\u00a0<\/p>\n<p>18 mai 2020<\/p>\n<p>[\/et_pb_text][et_pb_post_nav _builder_version=\u00a0\u00bb3.19.18&Prime; in_same_term=\u00a0\u00bboff\u00a0\u00bb \/][\/et_pb_column][\/et_pb_row][\/et_pb_section]<\/p>\n","protected":false},"excerpt":{"rendered":"<p><div class=\"et_pb_row et_pb_row_0 et_pb_row_empty\">\n\t\t\t\t\n\t\t\t\t\n\t\t\t\t\n\t\t\t\t\n\t\t\t\t\n\t\t\t<\/div> J&rsquo;ai quinze ans \u00e0 Brazza et le jour se l\u00e8ve chaleur et moiteur d\u00e9j\u00e0 montent autour de mes jambesLes matins sont p\u00e2teux quand on ne dort pas J&rsquo;ai quinze ans et reviens de la nuitVivre au jour le jour mais \u00e0 la nuit la nuit aussiNeil Young, tes accords J&rsquo;ai toujours quinze ans \u00e0 [&hellip;]<\/p>\n","protected":false},"author":1,"featured_media":0,"comment_status":"open","ping_status":"open","sticky":false,"template":"","format":"standard","meta":{"_et_pb_use_builder":"on","_et_pb_old_content":"<p><span style=\"font-family: verdana, geneva, sans-serif; font-size: 12pt;\">J'ai quinze ans \u00e0 Brazza<\/span><br \/><span style=\"font-family: verdana, geneva, sans-serif; font-size: 12pt;\">et le jour se l\u00e8ve <\/span><br \/><span style=\"font-family: verdana, geneva, sans-serif; font-size: 12pt;\">chaleur et moiteur d\u00e9j\u00e0<\/span><br \/><span style=\"font-family: verdana, geneva, sans-serif; font-size: 12pt;\">montent autour de mes jambes<\/span><\/p><p><span style=\"font-family: verdana, geneva, sans-serif; font-size: 12pt;\">Les matins sont p\u00e2teux<\/span><br \/><span style=\"font-family: verdana, geneva, sans-serif; font-size: 12pt;\">quand on ne dort pas<\/span><br \/><span style=\"font-family: verdana, geneva, sans-serif; font-size: 12pt;\">J'ai quinze ans <\/span><br \/><span style=\"font-family: verdana, geneva, sans-serif; font-size: 12pt;\">et reviens de la nuit<\/span><\/p><p><span style=\"font-family: verdana, geneva, sans-serif; font-size: 12pt;\">Vivre au jour le jour<\/span><br \/><span style=\"font-family: verdana, geneva, sans-serif; font-size: 12pt;\">mais \u00e0 la nuit la nuit<\/span><br \/><span style=\"font-family: verdana, geneva, sans-serif; font-size: 12pt;\">aussi<\/span><\/p><p><span style=\"font-family: verdana, geneva, sans-serif; font-size: 12pt;\">Neil Young, tes accords<\/span><br \/><span style=\"font-family: verdana, geneva, sans-serif; font-size: 12pt;\">J'ai toujours quinze ans \u00e0 Brazza<\/span><br \/><span style=\"font-family: verdana, geneva, sans-serif; font-size: 12pt;\">et reviens de la nuit<\/span><\/p><p><br \/>18 mai 2020<\/p>","_et_gb_content_width":"","om_disable_all_campaigns":false,"_exactmetrics_skip_tracking":false,"_exactmetrics_sitenote_active":false,"_exactmetrics_sitenote_note":"","_exactmetrics_sitenote_category":0,"_monsterinsights_skip_tracking":false,"_monsterinsights_sitenote_active":false,"_monsterinsights_sitenote_note":"","_monsterinsights_sitenote_category":0,"footnotes":""},"categories":[34],"tags":[],"class_list":["post-3857","post","type-post","status-publish","format-standard","hentry","category-seizieme-volet"],"aioseo_notices":[],"_links":{"self":[{"href":"https:\/\/voletsouvers.ovh\/index.php\/wp-json\/wp\/v2\/posts\/3857","targetHints":{"allow":["GET"]}}],"collection":[{"href":"https:\/\/voletsouvers.ovh\/index.php\/wp-json\/wp\/v2\/posts"}],"about":[{"href":"https:\/\/voletsouvers.ovh\/index.php\/wp-json\/wp\/v2\/types\/post"}],"author":[{"embeddable":true,"href":"https:\/\/voletsouvers.ovh\/index.php\/wp-json\/wp\/v2\/users\/1"}],"replies":[{"embeddable":true,"href":"https:\/\/voletsouvers.ovh\/index.php\/wp-json\/wp\/v2\/comments?post=3857"}],"version-history":[{"count":2,"href":"https:\/\/voletsouvers.ovh\/index.php\/wp-json\/wp\/v2\/posts\/3857\/revisions"}],"predecessor-version":[{"id":3859,"href":"https:\/\/voletsouvers.ovh\/index.php\/wp-json\/wp\/v2\/posts\/3857\/revisions\/3859"}],"wp:attachment":[{"href":"https:\/\/voletsouvers.ovh\/index.php\/wp-json\/wp\/v2\/media?parent=3857"}],"wp:term":[{"taxonomy":"category","embeddable":true,"href":"https:\/\/voletsouvers.ovh\/index.php\/wp-json\/wp\/v2\/categories?post=3857"},{"taxonomy":"post_tag","embeddable":true,"href":"https:\/\/voletsouvers.ovh\/index.php\/wp-json\/wp\/v2\/tags?post=3857"}],"curies":[{"name":"wp","href":"https:\/\/api.w.org\/{rel}","templated":true}]}}