{"id":3811,"date":"2020-04-07T10:32:55","date_gmt":"2020-04-07T08:32:55","guid":{"rendered":"http:\/\/voletsouvers.ovh\/?p=3811"},"modified":"2020-04-07T10:33:07","modified_gmt":"2020-04-07T08:33:07","slug":"la-portee","status":"publish","type":"post","link":"https:\/\/voletsouvers.ovh\/index.php\/2020\/04\/07\/la-portee\/","title":{"rendered":"La port\u00e9e"},"content":{"rendered":"<p>[et_pb_section bb_built=\u00a0\u00bb1&Prime;][et_pb_row][et_pb_column type=\u00a0\u00bb4_4&Prime;][et_pb_text _builder_version=\u00a0\u00bb3.19.18&Prime;]<\/p>\n<p><span style=\"font-family: verdana, geneva, sans-serif; font-size: 12pt;\">On ferme les yeux <\/span> <br \/><span style=\"font-family: verdana, geneva, sans-serif; font-size: 12pt;\">et s&rsquo;ouvrent d&rsquo;autres fen\u00eatres<\/span> <br \/><span style=\"font-family: verdana, geneva, sans-serif; font-size: 12pt;\">Une port\u00e9e de quelques lignes \u00e9lectriques<\/span> <br \/><span style=\"font-family: verdana, geneva, sans-serif; font-size: 12pt;\">La partition est \u00e9crite dans le ciel<\/span> <br \/><span style=\"font-family: verdana, geneva, sans-serif; font-size: 12pt;\">o\u00f9 la lune di\u00e8se<\/span> <br \/><span style=\"font-family: verdana, geneva, sans-serif; font-size: 12pt;\">Je me souviens des musiciens<\/span><\/p>\n<p><span style=\"font-family: verdana, geneva, sans-serif; font-size: 12pt;\"><br \/><em>Pour Pascaline et Werner que je n&rsquo;ai pas vus depuis le d\u00e9but du confinement. Vous me manquez, les copains !<\/em><\/span><\/p>\n<p>\u00a0<\/p>\n<p>6 avril 2020<\/p>\n<p>\u00a0<\/p>\n<p>[\/et_pb_text][et_pb_post_nav _builder_version=\u00a0\u00bb3.19.18&Prime; in_same_term=\u00a0\u00bboff\u00a0\u00bb \/][\/et_pb_column][\/et_pb_row][\/et_pb_section]<\/p>\n","protected":false},"excerpt":{"rendered":"<p><div class=\"et_pb_row et_pb_row_0 et_pb_row_empty\">\n\t\t\t\t\n\t\t\t\t\n\t\t\t\t\n\t\t\t\t\n\t\t\t\t\n\t\t\t<\/div> On ferme les yeux et s&rsquo;ouvrent d&rsquo;autres fen\u00eatres Une port\u00e9e de quelques lignes \u00e9lectriques La partition est \u00e9crite dans le ciel o\u00f9 la lune di\u00e8se Je me souviens des musiciensPour Pascaline et Werner que je n&rsquo;ai pas vus depuis le d\u00e9but du confinement. Vous me manquez, les copains !\u00a06 avril 2020\u00a0<\/p>\n","protected":false},"author":1,"featured_media":0,"comment_status":"open","ping_status":"open","sticky":false,"template":"","format":"standard","meta":{"_et_pb_use_builder":"on","_et_pb_old_content":"<p><span style=\"font-family: verdana, geneva, sans-serif; font-size: 12pt;\">On ferme les yeux <\/span><br \/><span style=\"font-family: verdana, geneva, sans-serif; font-size: 12pt;\">et s'ouvrent d'autres fen\u00eatres<\/span><br \/><span style=\"font-family: verdana, geneva, sans-serif; font-size: 12pt;\">Une port\u00e9e de quelques lignes \u00e9lectriques<\/span><br \/><span style=\"font-family: verdana, geneva, sans-serif; font-size: 12pt;\">La partition est \u00e9crite dans le ciel<\/span><br \/><span style=\"font-family: verdana, geneva, sans-serif; font-size: 12pt;\">o\u00f9 la lune di\u00e8se<\/span><br \/><span style=\"font-family: verdana, geneva, sans-serif; font-size: 12pt;\">Je me souviens des musiciens<\/span><\/p><p><span style=\"font-family: verdana, geneva, sans-serif; font-size: 12pt;\">Pour Pascaline et Werner que je n'ai pas vus depuis le d\u00e9but du confinement. Vous me manquez, les copains !<\/span><\/p><p><br \/>6 avril 2020<\/p>","_et_gb_content_width":"","om_disable_all_campaigns":false,"_exactmetrics_skip_tracking":false,"_exactmetrics_sitenote_active":false,"_exactmetrics_sitenote_note":"","_exactmetrics_sitenote_category":0,"_monsterinsights_skip_tracking":false,"_monsterinsights_sitenote_active":false,"_monsterinsights_sitenote_note":"","_monsterinsights_sitenote_category":0,"footnotes":""},"categories":[34],"tags":[],"class_list":["post-3811","post","type-post","status-publish","format-standard","hentry","category-seizieme-volet"],"aioseo_notices":[],"_links":{"self":[{"href":"https:\/\/voletsouvers.ovh\/index.php\/wp-json\/wp\/v2\/posts\/3811","targetHints":{"allow":["GET"]}}],"collection":[{"href":"https:\/\/voletsouvers.ovh\/index.php\/wp-json\/wp\/v2\/posts"}],"about":[{"href":"https:\/\/voletsouvers.ovh\/index.php\/wp-json\/wp\/v2\/types\/post"}],"author":[{"embeddable":true,"href":"https:\/\/voletsouvers.ovh\/index.php\/wp-json\/wp\/v2\/users\/1"}],"replies":[{"embeddable":true,"href":"https:\/\/voletsouvers.ovh\/index.php\/wp-json\/wp\/v2\/comments?post=3811"}],"version-history":[{"count":2,"href":"https:\/\/voletsouvers.ovh\/index.php\/wp-json\/wp\/v2\/posts\/3811\/revisions"}],"predecessor-version":[{"id":3813,"href":"https:\/\/voletsouvers.ovh\/index.php\/wp-json\/wp\/v2\/posts\/3811\/revisions\/3813"}],"wp:attachment":[{"href":"https:\/\/voletsouvers.ovh\/index.php\/wp-json\/wp\/v2\/media?parent=3811"}],"wp:term":[{"taxonomy":"category","embeddable":true,"href":"https:\/\/voletsouvers.ovh\/index.php\/wp-json\/wp\/v2\/categories?post=3811"},{"taxonomy":"post_tag","embeddable":true,"href":"https:\/\/voletsouvers.ovh\/index.php\/wp-json\/wp\/v2\/tags?post=3811"}],"curies":[{"name":"wp","href":"https:\/\/api.w.org\/{rel}","templated":true}]}}