{"id":3791,"date":"2020-03-12T14:39:16","date_gmt":"2020-03-12T13:39:16","guid":{"rendered":"http:\/\/voletsouvers.ovh\/?p=3791"},"modified":"2020-03-12T14:39:16","modified_gmt":"2020-03-12T13:39:16","slug":"je-veux-bien-la-nuit","status":"publish","type":"post","link":"https:\/\/voletsouvers.ovh\/index.php\/2020\/03\/12\/je-veux-bien-la-nuit\/","title":{"rendered":"Je veux bien la nuit"},"content":{"rendered":"<p>[et_pb_section bb_built=\u00a0\u00bb1&Prime;][et_pb_row][et_pb_column type=\u00a0\u00bb4_4&Prime;][et_pb_text]<\/p>\n<p><span style=\"font-family: verdana, geneva, sans-serif; font-size: 12pt;\">Maison panach\u00e9e de verri\u00e8res<\/span><br \/>\n<span style=\"font-family: verdana, geneva, sans-serif; font-size: 12pt;\">imberbe de lierre<\/span><br \/>\n<span style=\"font-family: verdana, geneva, sans-serif; font-size: 12pt;\">mais casqu\u00e9e de glycines<\/span><br \/>\n<span style=\"font-family: verdana, geneva, sans-serif; font-size: 12pt;\">et boucl\u00e9e de lilas<\/span><br \/>\n<span style=\"font-family: verdana, geneva, sans-serif; font-size: 12pt;\">C&rsquo;est ici qu&rsquo;on m&rsquo;a dit<\/span><br \/>\n<span style=\"font-family: verdana, geneva, sans-serif; font-size: 12pt;\">qu&rsquo;il ne faut pas garder <\/span><br \/>\n<span style=\"font-family: verdana, geneva, sans-serif; font-size: 12pt;\">les morts sur les \u00e9paules<\/span><br \/>\n<span style=\"font-family: verdana, geneva, sans-serif; font-size: 12pt;\">que ce n&rsquo;est pas leur place<\/span><br \/>\n<span style=\"font-family: verdana, geneva, sans-serif; font-size: 12pt;\">et qu&rsquo;il faut faire le deuil<\/span><\/p>\n<p><span style=\"font-family: verdana, geneva, sans-serif; font-size: 12pt;\">Moi je veux bien l&rsquo;oubli <\/span><br \/>\n<span style=\"font-family: verdana, geneva, sans-serif; font-size: 12pt;\">si la nuit m&rsquo;ouvre encore<\/span><br \/>\n<span style=\"font-family: verdana, geneva, sans-serif; font-size: 12pt;\">l&rsquo;escalier dans la mer<\/span><\/p>\n<p>12 mars 2020<\/p>\n<p>[\/et_pb_text][et_pb_post_nav _builder_version=\u00a0\u00bb3.19.18&Prime; in_same_term=\u00a0\u00bboff\u00a0\u00bb \/][\/et_pb_column][\/et_pb_row][\/et_pb_section]<\/p>\n","protected":false},"excerpt":{"rendered":"<p><div class=\"et_pb_row et_pb_row_0 et_pb_row_empty\">\n\t\t\t\t\n\t\t\t\t\n\t\t\t\t\n\t\t\t\t\n\t\t\t\t\n\t\t\t<\/div><div class=\"et_pb_module et_pb_text et_pb_text_0  et_pb_text_align_left et_pb_bg_layout_light\">\n\t\t\t\t\n\t\t\t\t\n\t\t\t\t\n\t\t\t\t\n\t\t\t\t\n\t\t\t<\/div> Maison panach\u00e9e de verri\u00e8res imberbe de lierre mais casqu\u00e9e de glycines et boucl\u00e9e de lilas C&rsquo;est ici qu&rsquo;on m&rsquo;a dit qu&rsquo;il ne faut pas garder les morts sur les \u00e9paules que ce n&rsquo;est pas leur place et qu&rsquo;il faut faire le deuil Moi je veux bien l&rsquo;oubli si la nuit m&rsquo;ouvre encore l&rsquo;escalier dans [&hellip;]<\/p>\n","protected":false},"author":1,"featured_media":0,"comment_status":"open","ping_status":"open","sticky":false,"template":"","format":"standard","meta":{"_et_pb_use_builder":"on","_et_pb_old_content":"<p><span style=\"font-family: verdana, geneva, sans-serif; font-size: 12pt;\">Maison panach\u00e9e de verri\u00e8res<\/span><br \/><span style=\"font-family: verdana, geneva, sans-serif; font-size: 12pt;\">imberbe de lierre<\/span><br \/><span style=\"font-family: verdana, geneva, sans-serif; font-size: 12pt;\">mais casqu\u00e9e de glycines<\/span><br \/><span style=\"font-family: verdana, geneva, sans-serif; font-size: 12pt;\">et boucl\u00e9e de lilas<\/span><br \/><span style=\"font-family: verdana, geneva, sans-serif; font-size: 12pt;\">C'est ici qu'on m'a dit<\/span><br \/><span style=\"font-family: verdana, geneva, sans-serif; font-size: 12pt;\">qu'il ne faut pas garder <\/span><br \/><span style=\"font-family: verdana, geneva, sans-serif; font-size: 12pt;\">les morts sur les \u00e9paules<\/span><br \/><span style=\"font-family: verdana, geneva, sans-serif; font-size: 12pt;\">que ce n'est pas leur place<\/span><br \/><span style=\"font-family: verdana, geneva, sans-serif; font-size: 12pt;\">et qu'il faut faire le deuil<\/span><\/p><p><span style=\"font-family: verdana, geneva, sans-serif; font-size: 12pt;\">Moi je veux bien l'oubli <\/span><br \/><span style=\"font-family: verdana, geneva, sans-serif; font-size: 12pt;\">si la nuit m'ouvre encore<\/span><br \/><span style=\"font-family: verdana, geneva, sans-serif; font-size: 12pt;\">l'escalier dans la mer<\/span><\/p><p>12 mars 2020<\/p>","_et_gb_content_width":"","om_disable_all_campaigns":false,"_exactmetrics_skip_tracking":false,"_exactmetrics_sitenote_active":false,"_exactmetrics_sitenote_note":"","_exactmetrics_sitenote_category":0,"_monsterinsights_skip_tracking":false,"_monsterinsights_sitenote_active":false,"_monsterinsights_sitenote_note":"","_monsterinsights_sitenote_category":0,"footnotes":""},"categories":[34],"tags":[],"class_list":["post-3791","post","type-post","status-publish","format-standard","hentry","category-seizieme-volet"],"aioseo_notices":[],"_links":{"self":[{"href":"https:\/\/voletsouvers.ovh\/index.php\/wp-json\/wp\/v2\/posts\/3791","targetHints":{"allow":["GET"]}}],"collection":[{"href":"https:\/\/voletsouvers.ovh\/index.php\/wp-json\/wp\/v2\/posts"}],"about":[{"href":"https:\/\/voletsouvers.ovh\/index.php\/wp-json\/wp\/v2\/types\/post"}],"author":[{"embeddable":true,"href":"https:\/\/voletsouvers.ovh\/index.php\/wp-json\/wp\/v2\/users\/1"}],"replies":[{"embeddable":true,"href":"https:\/\/voletsouvers.ovh\/index.php\/wp-json\/wp\/v2\/comments?post=3791"}],"version-history":[{"count":1,"href":"https:\/\/voletsouvers.ovh\/index.php\/wp-json\/wp\/v2\/posts\/3791\/revisions"}],"predecessor-version":[{"id":3792,"href":"https:\/\/voletsouvers.ovh\/index.php\/wp-json\/wp\/v2\/posts\/3791\/revisions\/3792"}],"wp:attachment":[{"href":"https:\/\/voletsouvers.ovh\/index.php\/wp-json\/wp\/v2\/media?parent=3791"}],"wp:term":[{"taxonomy":"category","embeddable":true,"href":"https:\/\/voletsouvers.ovh\/index.php\/wp-json\/wp\/v2\/categories?post=3791"},{"taxonomy":"post_tag","embeddable":true,"href":"https:\/\/voletsouvers.ovh\/index.php\/wp-json\/wp\/v2\/tags?post=3791"}],"curies":[{"name":"wp","href":"https:\/\/api.w.org\/{rel}","templated":true}]}}