{"id":3767,"date":"2020-02-23T20:30:18","date_gmt":"2020-02-23T19:30:18","guid":{"rendered":"http:\/\/voletsouvers.ovh\/?p=3767"},"modified":"2020-02-23T20:30:18","modified_gmt":"2020-02-23T19:30:18","slug":"la-pendule-a-lheure","status":"publish","type":"post","link":"https:\/\/voletsouvers.ovh\/index.php\/2020\/02\/23\/la-pendule-a-lheure\/","title":{"rendered":"La pendule \u00e0 l&rsquo;heure"},"content":{"rendered":"<p>[et_pb_section bb_built=\u00a0\u00bb1&Prime;][et_pb_row][et_pb_column type=\u00a0\u00bb4_4&Prime;][et_pb_text _builder_version=\u00a0\u00bb3.19.18&Prime;]<\/p>\n<p><span style=\"font-family: verdana, geneva, sans-serif; font-size: 12pt;\">J&rsquo;ai remis la pendule<\/span> <br \/><span style=\"font-family: verdana, geneva, sans-serif; font-size: 12pt;\">\u00e0 l&rsquo;heure de m\u00e9tropole<\/span> <br \/><span style=\"font-family: verdana, geneva, sans-serif; font-size: 12pt;\">ne peux m&#8217;emp\u00eacher de convertir<\/span> <br \/><span style=\"font-family: verdana, geneva, sans-serif; font-size: 12pt;\">quelle heure est-il maintenant, l\u00e0-bas ?<\/span> <br \/><span style=\"font-family: verdana, geneva, sans-serif; font-size: 12pt;\">L\u00e0-bas c&rsquo;est d\u00e9j\u00e0 demain<\/span> <br \/><span style=\"font-family: verdana, geneva, sans-serif; font-size: 12pt;\">dans la p\u00e9nombre feutr\u00e9e des nakamals<\/span> <br \/><span style=\"font-family: verdana, geneva, sans-serif; font-size: 12pt;\">L\u00e0-bas c&rsquo;est encore hier <\/span> <br \/><span style=\"font-family: verdana, geneva, sans-serif; font-size: 12pt;\">l\u00e0 o\u00f9 les paquebots<\/span> <span style=\"font-family: verdana, geneva, sans-serif; font-size: 12pt;\">cr\u00e9ent des embouteillages<\/span> <br \/><span style=\"font-family: verdana, geneva, sans-serif; font-size: 12pt;\"><br \/>Me souviens d&rsquo;un jardin<\/span> <br \/><span style=\"font-family: verdana, geneva, sans-serif; font-size: 12pt;\">et d&rsquo;un perroquet bleu<\/span> <br \/><span style=\"font-family: verdana, geneva, sans-serif; font-size: 12pt;\">qui me fr\u00f4lait la main <\/span> <br \/><span style=\"font-family: verdana, geneva, sans-serif; font-size: 12pt;\">et de trois papillons<\/span> <br \/><span style=\"font-family: verdana, geneva, sans-serif; font-size: 12pt;\">sur une fleur de corail<\/span> <br \/><span style=\"font-family: verdana, geneva, sans-serif; font-size: 12pt;\"><br \/>Ici on n&rsquo;entend pas la mer<\/span> <br \/><span style=\"font-family: verdana, geneva, sans-serif; font-size: 12pt;\">Seulement les coquillages<\/span> <br \/><span style=\"font-family: verdana, geneva, sans-serif; font-size: 12pt;\">la mar\u00e9e de mon sang<br \/><\/span><\/p>\n<p>23 f\u00e9vrier 2020<\/p>\n<p>\u00a0<\/p>\n<p>[\/et_pb_text][et_pb_post_nav _builder_version=\u00a0\u00bb3.19.18&Prime; in_same_term=\u00a0\u00bboff\u00a0\u00bb \/][\/et_pb_column][\/et_pb_row][\/et_pb_section]<\/p>\n","protected":false},"excerpt":{"rendered":"<p><div class=\"et_pb_row et_pb_row_0 et_pb_row_empty\">\n\t\t\t\t\n\t\t\t\t\n\t\t\t\t\n\t\t\t\t\n\t\t\t\t\n\t\t\t<\/div> J&rsquo;ai remis la pendule \u00e0 l&rsquo;heure de m\u00e9tropole ne peux m&#8217;emp\u00eacher de convertir quelle heure est-il maintenant, l\u00e0-bas ? L\u00e0-bas c&rsquo;est d\u00e9j\u00e0 demain dans la p\u00e9nombre feutr\u00e9e des nakamals L\u00e0-bas c&rsquo;est encore hier l\u00e0 o\u00f9 les paquebots cr\u00e9ent des embouteillages Me souviens d&rsquo;un jardin et d&rsquo;un perroquet bleu qui me fr\u00f4lait la main et [&hellip;]<\/p>\n","protected":false},"author":1,"featured_media":0,"comment_status":"open","ping_status":"open","sticky":false,"template":"","format":"standard","meta":{"_et_pb_use_builder":"on","_et_pb_old_content":"<p><span style=\"font-family: verdana, geneva, sans-serif; font-size: 12pt;\">J'ai remis la pendule<\/span><br \/><span style=\"font-family: verdana, geneva, sans-serif; font-size: 12pt;\">\u00e0 l'heure de m\u00e9tropole<\/span><br \/><span style=\"font-family: verdana, geneva, sans-serif; font-size: 12pt;\">ne peux m'emp\u00eacher de convertir<\/span><br \/><span style=\"font-family: verdana, geneva, sans-serif; font-size: 12pt;\">quelle heure est-il maintenant, l\u00e0-bas ?<\/span><br \/><span style=\"font-family: verdana, geneva, sans-serif; font-size: 12pt;\">L\u00e0-bas c'est d\u00e9j\u00e0 demain<\/span><br \/><span style=\"font-family: verdana, geneva, sans-serif; font-size: 12pt;\">dans la p\u00e9nombre feutr\u00e9e des nakamals<\/span><br \/><span style=\"font-family: verdana, geneva, sans-serif; font-size: 12pt;\">L\u00e0-bas c'est encore hier <\/span><br \/><span style=\"font-family: verdana, geneva, sans-serif; font-size: 12pt;\">l\u00e0 o\u00f9 les paquebots<\/span><br \/><span style=\"font-family: verdana, geneva, sans-serif; font-size: 12pt;\">cr\u00e9ent des embouteillages<\/span><\/p><p><span style=\"font-family: verdana, geneva, sans-serif; font-size: 12pt;\">Me souviens d'un jardin<\/span><br \/><span style=\"font-family: verdana, geneva, sans-serif; font-size: 12pt;\">et d'un perroquet bleu<\/span><br \/><span style=\"font-family: verdana, geneva, sans-serif; font-size: 12pt;\">qui me fr\u00f4lait la main <\/span><br \/><span style=\"font-family: verdana, geneva, sans-serif; font-size: 12pt;\">et de trois papillons<\/span><br \/><span style=\"font-family: verdana, geneva, sans-serif; font-size: 12pt;\">sur une fleur de corail<\/span><\/p><p><span style=\"font-family: verdana, geneva, sans-serif; font-size: 12pt;\">Ici on n'entend pas la mer<\/span><br \/><span style=\"font-family: verdana, geneva, sans-serif; font-size: 12pt;\">Seulement les coquillages<\/span><br \/><span style=\"font-family: verdana, geneva, sans-serif; font-size: 12pt;\">la mar\u00e9e de mon sang<\/span><\/p><p>23 f\u00e9vrier 2020<\/p>","_et_gb_content_width":"","om_disable_all_campaigns":false,"_exactmetrics_skip_tracking":false,"_exactmetrics_sitenote_active":false,"_exactmetrics_sitenote_note":"","_exactmetrics_sitenote_category":0,"_monsterinsights_skip_tracking":false,"_monsterinsights_sitenote_active":false,"_monsterinsights_sitenote_note":"","_monsterinsights_sitenote_category":0,"footnotes":""},"categories":[33],"tags":[],"class_list":["post-3767","post","type-post","status-publish","format-standard","hentry","category-quinzieme-volet"],"aioseo_notices":[],"_links":{"self":[{"href":"https:\/\/voletsouvers.ovh\/index.php\/wp-json\/wp\/v2\/posts\/3767","targetHints":{"allow":["GET"]}}],"collection":[{"href":"https:\/\/voletsouvers.ovh\/index.php\/wp-json\/wp\/v2\/posts"}],"about":[{"href":"https:\/\/voletsouvers.ovh\/index.php\/wp-json\/wp\/v2\/types\/post"}],"author":[{"embeddable":true,"href":"https:\/\/voletsouvers.ovh\/index.php\/wp-json\/wp\/v2\/users\/1"}],"replies":[{"embeddable":true,"href":"https:\/\/voletsouvers.ovh\/index.php\/wp-json\/wp\/v2\/comments?post=3767"}],"version-history":[{"count":2,"href":"https:\/\/voletsouvers.ovh\/index.php\/wp-json\/wp\/v2\/posts\/3767\/revisions"}],"predecessor-version":[{"id":3769,"href":"https:\/\/voletsouvers.ovh\/index.php\/wp-json\/wp\/v2\/posts\/3767\/revisions\/3769"}],"wp:attachment":[{"href":"https:\/\/voletsouvers.ovh\/index.php\/wp-json\/wp\/v2\/media?parent=3767"}],"wp:term":[{"taxonomy":"category","embeddable":true,"href":"https:\/\/voletsouvers.ovh\/index.php\/wp-json\/wp\/v2\/categories?post=3767"},{"taxonomy":"post_tag","embeddable":true,"href":"https:\/\/voletsouvers.ovh\/index.php\/wp-json\/wp\/v2\/tags?post=3767"}],"curies":[{"name":"wp","href":"https:\/\/api.w.org\/{rel}","templated":true}]}}