{"id":3645,"date":"2019-10-21T14:12:54","date_gmt":"2019-10-21T12:12:54","guid":{"rendered":"http:\/\/voletsouvers.ovh\/?p=3645"},"modified":"2019-10-21T14:23:14","modified_gmt":"2019-10-21T12:23:14","slug":"faire-comme-ci","status":"publish","type":"post","link":"https:\/\/voletsouvers.ovh\/index.php\/2019\/10\/21\/faire-comme-ci\/","title":{"rendered":"Faire comme ci"},"content":{"rendered":"<p>[et_pb_section bb_built=\u00a0\u00bb1&Prime;][et_pb_row][et_pb_column type=\u00a0\u00bb4_4&Prime;][et_pb_text _builder_version=\u00a0\u00bb3.19.18&Prime;]<\/p>\n<p><span style=\"font-family: verdana, geneva, sans-serif; font-size: 12pt;\">Un vieux texte de 2012 retrouv\u00e9. Je ne l&rsquo;avais jamais mis dans mes volets.<\/span> <span style=\"font-family: verdana, geneva, sans-serif; font-size: 12pt;\">Ecoutez la mise en voix de mon amie Sabine Venaruzzo. <\/span><\/p>\n<p><span style=\"font-family: verdana, geneva, sans-serif; font-size: 12pt;\"><br \/><\/span> <iframe loading=\"lazy\" src=\"https:\/\/www.youtube.com\/embed\/N_BvjT6dHQo\" width=\"560\" height=\"315\" frameborder=\"0\" allowfullscreen=\"allowfullscreen\"><\/iframe><\/p>\n<p><span style=\"font-family: verdana, geneva, sans-serif; font-size: 12pt;\">Faire comme si je ne savais pas l&rsquo;impact de ma d\u00e9rive<\/span><br \/><span style=\"font-family: verdana, geneva, sans-serif; font-size: 12pt;\">avec les radeaux des mots que j&rsquo;improvise<\/span><br \/><span style=\"font-family: verdana, geneva, sans-serif; font-size: 12pt;\">les planches offertes des Salut, comment tu vas ? \u00e7\u00e0 et l\u00e0<\/span><br \/><span style=\"font-family: verdana, geneva, sans-serif; font-size: 12pt;\">qui naviguent sur le m\u00eame oc\u00e9an<\/span><br \/><span style=\"font-family: verdana, geneva, sans-serif; font-size: 12pt;\">La nuit est habit\u00e9e d&rsquo;un peuple de veilleurs<\/span><br \/><span style=\"font-family: verdana, geneva, sans-serif; font-size: 12pt;\">la nuit est habit\u00e9e de mar\u00e9es qui m&rsquo;apprivoisent<\/span><br \/><span style=\"font-family: verdana, geneva, sans-serif; font-size: 12pt;\">\u00c0 flot de solitude la m\u00e9moire vive d&rsquo;une douleur cisel\u00e9e<\/span><br \/><span style=\"font-family: verdana, geneva, sans-serif; font-size: 12pt;\">aux scalpels de luxe avec vue sur la mer<\/span><br \/><span style=\"font-family: verdana, geneva, sans-serif; font-size: 12pt;\">Toutes ces asp\u00e9rit\u00e9s \u00e0 l&rsquo;origine des \u00e9corchures<\/span><br \/><span style=\"font-family: verdana, geneva, sans-serif; font-size: 12pt;\">les blouses blanches <em>blues <\/em><\/span><span style=\"font-family: verdana, geneva, sans-serif; font-size: 12pt;\">vertes<\/span><br \/><span style=\"font-family: verdana, geneva, sans-serif; font-size: 12pt;\">Tourbillon tourbillon je m&rsquo;en viens d\u00e9poser des <em>Non<\/em><\/span><br \/><span style=\"font-family: verdana, geneva, sans-serif; font-size: 12pt;\">dans la spirale d&rsquo;un carnet de voyage<\/span><br \/><span style=\"font-family: verdana, geneva, sans-serif; font-size: 12pt;\">lalala lalala lalala la lala<\/span><br \/><span style=\"font-family: verdana, geneva, sans-serif; font-size: 12pt;\">Une m\u00e9lodie enfouie qui revient et tournoie<\/span><br \/><span style=\"font-family: verdana, geneva, sans-serif; font-size: 12pt;\">Je me noie<\/span><br \/><span style=\"font-family: verdana, geneva, sans-serif; font-size: 12pt;\">Tellement de marches \u00e0 gravir ou d\u00e9valer<\/span><br \/><span style=\"font-family: verdana, geneva, sans-serif; font-size: 12pt;\">Avaler tout ce souffle qui me manque<\/span><br \/><span style=\"font-family: verdana, geneva, sans-serif; font-size: 12pt;\">Trouver de l&rsquo;oxyg\u00e8ne<\/span><br \/><span style=\"font-family: verdana, geneva, sans-serif; font-size: 12pt;\">La guitare silencieuse<\/span><br \/><span style=\"font-family: verdana, geneva, sans-serif; font-size: 12pt;\">Vas-y <em>piano<\/em><\/span><br \/><span style=\"font-family: verdana, geneva, sans-serif; font-size: 12pt;\">Staccato d&rsquo;un silence aux couleurs gyrophare<\/span><br \/><span style=\"font-family: verdana, geneva, sans-serif; font-size: 12pt;\">j&rsquo;ai perdu le souffle de mes mains<\/span><br \/><span style=\"font-family: verdana, geneva, sans-serif; font-size: 12pt;\">j&rsquo;ai perdu ta connaissance<\/span><br \/><span style=\"font-family: verdana, geneva, sans-serif; font-size: 12pt;\">Bien en de\u00e7\u00e0 de ces reflets superpos\u00e9s<\/span><br \/><span style=\"font-family: verdana, geneva, sans-serif; font-size: 12pt;\">tous ces fant\u00f4mes auxquels je t&rsquo;abandonnais<\/span><br \/><span style=\"font-family: verdana, geneva, sans-serif; font-size: 12pt;\">\u00c0 la mission de chuter co\u00fbte que co\u00fbte avec toi<\/span><br \/><span style=\"font-family: verdana, geneva, sans-serif; font-size: 12pt;\">il m&rsquo;en co\u00fbtait trop j&rsquo;ai failli.<\/span><br \/><span style=\"font-family: verdana, geneva, sans-serif; font-size: 12pt;\">Faire comme ci,<\/span><br \/><span style=\"font-family: verdana, geneva, sans-serif; font-size: 12pt;\">comme si pas.<\/span><\/p>\n<p>[\/et_pb_text][et_pb_post_nav _builder_version=\u00a0\u00bb3.19.18&Prime; in_same_term=\u00a0\u00bboff\u00a0\u00bb \/][\/et_pb_column][\/et_pb_row][\/et_pb_section]<\/p>\n","protected":false},"excerpt":{"rendered":"<p><div class=\"et_pb_row et_pb_row_0 et_pb_row_empty\">\n\t\t\t\t\n\t\t\t\t\n\t\t\t\t\n\t\t\t\t\n\t\t\t\t\n\t\t\t<\/div> Un vieux texte de 2012 retrouv\u00e9. Je ne l&rsquo;avais jamais mis dans mes volets. Ecoutez la mise en voix de mon amie Sabine Venaruzzo. Faire comme si je ne savais pas l&rsquo;impact de ma d\u00e9riveavec les radeaux des mots que j&rsquo;improviseles planches offertes des Salut, comment tu vas ? \u00e7\u00e0 et l\u00e0qui naviguent sur [&hellip;]<\/p>\n","protected":false},"author":1,"featured_media":0,"comment_status":"open","ping_status":"open","sticky":false,"template":"","format":"standard","meta":{"_et_pb_use_builder":"on","_et_pb_old_content":"<p><span style=\"font-family: verdana, geneva, sans-serif; font-size: 12pt;\">Un vieux texte de 2012 retrouv\u00e9. Je ne l'avais jamais mis dans mes volets.<\/span><br \/><span style=\"font-family: verdana, geneva, sans-serif; font-size: 12pt;\">Ecoutez la mise en voix de mon amie Sabine Venaruzzo.<br \/><\/span><br \/><iframe src=\"https:\/\/www.youtube.com\/embed\/N_BvjT6dHQo\" width=\"560\" height=\"315\" frameborder=\"0\" allowfullscreen=\"allowfullscreen\"><\/iframe><\/p>","_et_gb_content_width":"","om_disable_all_campaigns":false,"_exactmetrics_skip_tracking":false,"_exactmetrics_sitenote_active":false,"_exactmetrics_sitenote_note":"","_exactmetrics_sitenote_category":0,"_monsterinsights_skip_tracking":false,"_monsterinsights_sitenote_active":false,"_monsterinsights_sitenote_note":"","_monsterinsights_sitenote_category":0,"footnotes":""},"categories":[4],"tags":[],"class_list":["post-3645","post","type-post","status-publish","format-standard","hentry","category-deuxieme-volet"],"aioseo_notices":[],"_links":{"self":[{"href":"https:\/\/voletsouvers.ovh\/index.php\/wp-json\/wp\/v2\/posts\/3645","targetHints":{"allow":["GET"]}}],"collection":[{"href":"https:\/\/voletsouvers.ovh\/index.php\/wp-json\/wp\/v2\/posts"}],"about":[{"href":"https:\/\/voletsouvers.ovh\/index.php\/wp-json\/wp\/v2\/types\/post"}],"author":[{"embeddable":true,"href":"https:\/\/voletsouvers.ovh\/index.php\/wp-json\/wp\/v2\/users\/1"}],"replies":[{"embeddable":true,"href":"https:\/\/voletsouvers.ovh\/index.php\/wp-json\/wp\/v2\/comments?post=3645"}],"version-history":[{"count":3,"href":"https:\/\/voletsouvers.ovh\/index.php\/wp-json\/wp\/v2\/posts\/3645\/revisions"}],"predecessor-version":[{"id":3648,"href":"https:\/\/voletsouvers.ovh\/index.php\/wp-json\/wp\/v2\/posts\/3645\/revisions\/3648"}],"wp:attachment":[{"href":"https:\/\/voletsouvers.ovh\/index.php\/wp-json\/wp\/v2\/media?parent=3645"}],"wp:term":[{"taxonomy":"category","embeddable":true,"href":"https:\/\/voletsouvers.ovh\/index.php\/wp-json\/wp\/v2\/categories?post=3645"},{"taxonomy":"post_tag","embeddable":true,"href":"https:\/\/voletsouvers.ovh\/index.php\/wp-json\/wp\/v2\/tags?post=3645"}],"curies":[{"name":"wp","href":"https:\/\/api.w.org\/{rel}","templated":true}]}}