{"id":3581,"date":"2019-06-20T14:38:09","date_gmt":"2019-06-20T12:38:09","guid":{"rendered":"http:\/\/voletsouvers.ovh\/?p=3581"},"modified":"2019-06-20T14:38:51","modified_gmt":"2019-06-20T12:38:51","slug":"quand-meme-asaf","status":"publish","type":"post","link":"https:\/\/voletsouvers.ovh\/index.php\/2019\/06\/20\/quand-meme-asaf\/","title":{"rendered":"Quand m\u00eame, Asaf"},"content":{"rendered":"<p>[et_pb_section bb_built=\u00a0\u00bb1&Prime;][et_pb_row][et_pb_column type=\u00a0\u00bb4_4&Prime;][et_pb_text _builder_version=\u00a0\u00bb3.19.18&Prime;]<\/p>\n<p><span style=\"font-family: verdana, geneva, sans-serif; font-size: 12pt;\">J&rsquo;aurais aim\u00e9 filmer alors j&rsquo;\u00e9cris.<\/span> <br \/><span style=\"font-family: verdana, geneva, sans-serif; font-size: 12pt;\">Une sc\u00e8ne parfois bleue, rouge ou violette.<\/span> <br \/><span style=\"font-family: verdana, geneva, sans-serif; font-size: 12pt;\">Je n&rsquo;ai pas apport\u00e9 mon cam\u00e9scope au concert d&rsquo;Asaf Avidan. Je ne voulais pas vivre le spectacle \u00e0 travers un \u00e9cran. J&rsquo;aurais \u00e9t\u00e9 trop loin de toutes fa\u00e7ons, sans pied pour zoomer et le son aurait \u00e9t\u00e9 pourri.<\/span> <span style=\"font-family: verdana, geneva, sans-serif; font-size: 12pt;\">J&rsquo;ai bien fait de ne pas l&rsquo;avoir pris, il m&rsquo;aurait \u00e9t\u00e9 confisqu\u00e9 par les agents de s\u00e9curit\u00e9 qui fouillaient tous les sacs \u00e0 l&rsquo;entr\u00e9e.<\/span> <br \/><span style=\"font-family: verdana, geneva, sans-serif; font-size: 12pt;\">Mais il y a deux choses que j&rsquo;aurais aim\u00e9 filmer et partager. <\/span> <br \/><span style=\"font-family: verdana, geneva, sans-serif; font-size: 12pt;\">\u00c7a n&rsquo;aurait rien rendu, je suis d&rsquo;accord.<\/span> <br \/><span style=\"font-family: verdana, geneva, sans-serif; font-size: 12pt;\">Mais quand m\u00eame, j&rsquo;aurais aim\u00e9.<\/span> <br \/><span style=\"font-family: verdana, geneva, sans-serif; font-size: 12pt;\">Le pinceau du projecteur qui tournait dans l&rsquo;h\u00e9micycle des ar\u00e8nes.<\/span> <span style=\"font-family: verdana, geneva, sans-serif; font-size: 12pt;\">Qui balayait les spectateurs, \u00e7a faisait comme une vague. Dans l&rsquo;oc\u00e9an-foule.<\/span> <br \/><span style=\"font-family: verdana, geneva, sans-serif; font-size: 12pt;\">Ou comme le vent dans un pr\u00e9, vous comprenez ?<\/span> <br \/><span style=\"font-family: verdana, geneva, sans-serif; font-size: 12pt;\">Tous ces visages \u00e9clair\u00e9s pssshhh&#8230;<\/span> <br \/><span style=\"font-family: verdana, geneva, sans-serif; font-size: 12pt;\">On n&rsquo;entendait pas pssshhh \u00e9videmment mais on aurait pu imaginer l&rsquo;entendre, ce souffle de lumi\u00e8re.<\/span> <br \/><span style=\"font-family: verdana, geneva, sans-serif; font-size: 12pt;\">Et puis&#8230;<\/span> <br \/><span style=\"font-family: verdana, geneva, sans-serif; font-size: 12pt;\">Et puis le moment o\u00f9 il a pos\u00e9 sa guitare \u00e9lectrique pour prendre une guitare s\u00e8che.<\/span> <br \/><span style=\"font-family: verdana, geneva, sans-serif; font-size: 12pt;\">Ce n&rsquo;est pas que je n&rsquo;ai pas aim\u00e9 le c\u00f4t\u00e9 rock p\u00eachu des morceaux pr\u00e9c\u00e9dents. <\/span> <br \/><span style=\"font-family: verdana, geneva, sans-serif; font-size: 12pt;\">Ce n&rsquo;est pas \u00e7a, c&rsquo;est&#8230;<\/span> <br \/><span style=\"font-family: verdana, geneva, sans-serif; font-size: 12pt;\">Il a pris sa guitare s\u00e8che. Il y a eu presque un silence.<\/span> <br \/><span style=\"font-family: verdana, geneva, sans-serif; font-size: 12pt;\">Je crois que tout le plein air debout a retenu sa respiration. Si c&rsquo;\u00e9tait dans une salle j&rsquo;aurais \u00e9crit toute la salle mais en plein air comment on dit ?<\/span> <br \/><span style=\"font-family: verdana, geneva, sans-serif; font-size: 12pt;\">Bref, un silence suspendu qui n&rsquo;a pas dur\u00e9. <br \/>Aux premiers accords de One Day, s&rsquo;il restait encore des gens assis, ceux-l\u00e0 se sont lev\u00e9s. Et l\u00e0&#8230;<\/span> <br \/><span style=\"font-family: verdana, geneva, sans-serif; font-size: 12pt;\">Le public a explos\u00e9 et entonn\u00e9 le refrain avec lui, bien s\u00fbr. <br \/>Mais ce n&rsquo;est pas \u00e7a&#8230;<\/span> <br \/><span style=\"font-family: verdana, geneva, sans-serif; font-size: 12pt;\">C&rsquo;est toutes ces mains tendues, brandissant des t\u00e9l\u00e9phones portables. Asaf multipli\u00e9 par un millier d&rsquo;\u00e9crans. Petites fen\u00eatres lumineuses comme autant de sc\u00e8nes bleues, rouges ou violettes dupliqu\u00e9es dans la nuit.<\/span> <br \/><span style=\"font-family: verdana, geneva, sans-serif; font-size: 12pt;\">\u00c7a n&rsquo;aurait rien rendu, je suis d&rsquo;accord.<\/span> <br \/><span style=\"font-family: verdana, geneva, sans-serif; font-size: 12pt;\">Quand m\u00eame, j&rsquo;aurais aim\u00e9.<\/span><\/p>\n<p><span style=\"font-size: 12pt;\">Juillet 2013<\/span><\/p>\n<p><span style=\"font-family: verdana, geneva, sans-serif; font-size: 12pt;\">Texte \u00e9crit apr\u00e8s un concert de Asaf Avidan au Th\u00e9\u00e2tre de verdure \u00e0 Nice.<\/span><\/p>\n<p>[\/et_pb_text][et_pb_post_nav _builder_version=\u00a0\u00bb3.19.18&Prime; in_same_term=\u00a0\u00bboff\u00a0\u00bb \/][\/et_pb_column][\/et_pb_row][\/et_pb_section]<\/p>\n","protected":false},"excerpt":{"rendered":"<p><div class=\"et_pb_row et_pb_row_0 et_pb_row_empty\">\n\t\t\t\t\n\t\t\t\t\n\t\t\t\t\n\t\t\t\t\n\t\t\t\t\n\t\t\t<\/div> J&rsquo;aurais aim\u00e9 filmer alors j&rsquo;\u00e9cris. Une sc\u00e8ne parfois bleue, rouge ou violette. Je n&rsquo;ai pas apport\u00e9 mon cam\u00e9scope au concert d&rsquo;Asaf Avidan. Je ne voulais pas vivre le spectacle \u00e0 travers un \u00e9cran. J&rsquo;aurais \u00e9t\u00e9 trop loin de toutes fa\u00e7ons, sans pied pour zoomer et le son aurait \u00e9t\u00e9 pourri. J&rsquo;ai bien fait de [&hellip;]<\/p>\n","protected":false},"author":1,"featured_media":0,"comment_status":"open","ping_status":"open","sticky":false,"template":"","format":"standard","meta":{"_et_pb_use_builder":"on","_et_pb_old_content":"<p><span style=\"font-family: verdana, geneva, sans-serif; font-size: 12pt;\">J'aurais aim\u00e9 filmer alors j'\u00e9cris.<\/span><br \/><span style=\"font-family: verdana, geneva, sans-serif; font-size: 12pt;\">Une sc\u00e8ne parfois bleue, rouge ou violette.<\/span><br \/><span style=\"font-family: verdana, geneva, sans-serif; font-size: 12pt;\">Je n'ai pas apport\u00e9 mon cam\u00e9scope au concert d'Asaf Avidan. Je ne voulais pas vivre le spectacle \u00e0 travers un \u00e9cran. J'aurais \u00e9t\u00e9 trop loin de toutes fa\u00e7ons, sans pied pour zoomer et le son aurait \u00e9t\u00e9 pourri.<\/span><br \/><span style=\"font-family: verdana, geneva, sans-serif; font-size: 12pt;\">J'ai bien fait de ne pas l'avoir pris, il m'aurait \u00e9t\u00e9 confisqu\u00e9 par les agents de s\u00e9curit\u00e9 qui fouillaient tous les sacs \u00e0 l'entr\u00e9e.<\/span><br \/><span style=\"font-family: verdana, geneva, sans-serif; font-size: 12pt;\">Mais il y a deux choses que j'aurais aim\u00e9 filmer et partager. <\/span><br \/><span style=\"font-family: verdana, geneva, sans-serif; font-size: 12pt;\">\u00c7a n'aurait rien rendu, je suis d'accord.<\/span><br \/><span style=\"font-family: verdana, geneva, sans-serif; font-size: 12pt;\">Mais quand m\u00eame, j'aurais aim\u00e9.<\/span><\/p><p><span style=\"font-family: verdana, geneva, sans-serif; font-size: 12pt;\">Le pinceau du projecteur qui tournait dans l'h\u00e9micycle des ar\u00e8nes.<\/span><br \/><span style=\"font-family: verdana, geneva, sans-serif; font-size: 12pt;\">Qui balayait les spectateurs, \u00e7a faisait comme une vague. Dans l'oc\u00e9an-foule.<\/span><br \/><span style=\"font-family: verdana, geneva, sans-serif; font-size: 12pt;\">Ou comme le vent dans un pr\u00e9, vous comprenez ?<\/span><br \/><span style=\"font-family: verdana, geneva, sans-serif; font-size: 12pt;\">Tous ces visages \u00e9clair\u00e9s pssshhh...<\/span><br \/><span style=\"font-family: verdana, geneva, sans-serif; font-size: 12pt;\">On n'entendait pas pssshhh \u00e9videmment mais on aurait pu imaginer l'entendre, ce souffle de lumi\u00e8re.<\/span><br \/><span style=\"font-family: verdana, geneva, sans-serif; font-size: 12pt;\">Et puis...<\/span><\/p><p><span style=\"font-family: verdana, geneva, sans-serif; font-size: 12pt;\">Et puis le moment o\u00f9 il a pos\u00e9 sa guitare \u00e9lectrique pour prendre une guitare s\u00e8che.<\/span><br \/><span style=\"font-family: verdana, geneva, sans-serif; font-size: 12pt;\">Ce n'est pas que je n'ai pas aim\u00e9 le c\u00f4t\u00e9 rock p\u00eachu des morceaux pr\u00e9c\u00e9dents. <\/span><br \/><span style=\"font-family: verdana, geneva, sans-serif; font-size: 12pt;\">Ce n'est pas \u00e7a, c'est...<\/span><br \/><span style=\"font-family: verdana, geneva, sans-serif; font-size: 12pt;\">Il a pris sa guitare s\u00e8che. Il y a eu presque un silence.<\/span><br \/><span style=\"font-family: verdana, geneva, sans-serif; font-size: 12pt;\">Je crois que tout le plein air debout a retenu sa respiration. Si c'\u00e9tait dans une salle j'aurais \u00e9crit toute la salle mais en plein air comment on dit ?<\/span><\/p><p><span style=\"font-family: verdana, geneva, sans-serif; font-size: 12pt;\">Bref, un silence suspendu qui n'a pas dur\u00e9. Aux premiers accords de One Day, s'il restait encore des gens assis, ceux-l\u00e0 se sont lev\u00e9s. Et l\u00e0...<\/span><br \/><span style=\"font-family: verdana, geneva, sans-serif; font-size: 12pt;\">Le public a explos\u00e9 et entonn\u00e9 le refrain avec lui, bien s\u00fbr. Mais ce n'est pas \u00e7a...<\/span><br \/><span style=\"font-family: verdana, geneva, sans-serif; font-size: 12pt;\">C'est toutes ces mains tendues, brandissant des t\u00e9l\u00e9phones portables. Asaf multipli\u00e9 par un millier d'\u00e9crans. Petites fen\u00eatres lumineuses comme autant de sc\u00e8nes bleues, rouges ou violettes dupliqu\u00e9es dans la nuit.<\/span><br \/><span style=\"font-family: verdana, geneva, sans-serif; font-size: 12pt;\">\u00c7a n'aurait rien rendu, je suis d'accord.<\/span><br \/><span style=\"font-family: verdana, geneva, sans-serif; font-size: 12pt;\">Quand m\u00eame, j'aurais aim\u00e9.<\/span><\/p><p><span style=\"font-size: 12pt;\">Juillet 2013<\/span><\/p>","_et_gb_content_width":"","om_disable_all_campaigns":false,"_exactmetrics_skip_tracking":false,"_exactmetrics_sitenote_active":false,"_exactmetrics_sitenote_note":"","_exactmetrics_sitenote_category":0,"_monsterinsights_skip_tracking":false,"_monsterinsights_sitenote_active":false,"_monsterinsights_sitenote_note":"","_monsterinsights_sitenote_category":0,"footnotes":""},"categories":[16],"tags":[],"class_list":["post-3581","post","type-post","status-publish","format-standard","hentry","category-chroniques"],"aioseo_notices":[],"_links":{"self":[{"href":"https:\/\/voletsouvers.ovh\/index.php\/wp-json\/wp\/v2\/posts\/3581","targetHints":{"allow":["GET"]}}],"collection":[{"href":"https:\/\/voletsouvers.ovh\/index.php\/wp-json\/wp\/v2\/posts"}],"about":[{"href":"https:\/\/voletsouvers.ovh\/index.php\/wp-json\/wp\/v2\/types\/post"}],"author":[{"embeddable":true,"href":"https:\/\/voletsouvers.ovh\/index.php\/wp-json\/wp\/v2\/users\/1"}],"replies":[{"embeddable":true,"href":"https:\/\/voletsouvers.ovh\/index.php\/wp-json\/wp\/v2\/comments?post=3581"}],"version-history":[{"count":4,"href":"https:\/\/voletsouvers.ovh\/index.php\/wp-json\/wp\/v2\/posts\/3581\/revisions"}],"predecessor-version":[{"id":3585,"href":"https:\/\/voletsouvers.ovh\/index.php\/wp-json\/wp\/v2\/posts\/3581\/revisions\/3585"}],"wp:attachment":[{"href":"https:\/\/voletsouvers.ovh\/index.php\/wp-json\/wp\/v2\/media?parent=3581"}],"wp:term":[{"taxonomy":"category","embeddable":true,"href":"https:\/\/voletsouvers.ovh\/index.php\/wp-json\/wp\/v2\/categories?post=3581"},{"taxonomy":"post_tag","embeddable":true,"href":"https:\/\/voletsouvers.ovh\/index.php\/wp-json\/wp\/v2\/tags?post=3581"}],"curies":[{"name":"wp","href":"https:\/\/api.w.org\/{rel}","templated":true}]}}