{"id":3555,"date":"2019-05-19T12:24:07","date_gmt":"2019-05-19T10:24:07","guid":{"rendered":"http:\/\/voletsouvers.ovh\/?p=3555"},"modified":"2019-05-19T12:24:07","modified_gmt":"2019-05-19T10:24:07","slug":"kalo-chorio","status":"publish","type":"post","link":"https:\/\/voletsouvers.ovh\/index.php\/2019\/05\/19\/kalo-chorio\/","title":{"rendered":"Kal\u00f3 Chori\u00f3"},"content":{"rendered":"<p>[et_pb_section bb_built=\u00a0\u00bb1&Prime;][et_pb_row][et_pb_column type=\u00a0\u00bb4_4&Prime;][et_pb_text]<\/p>\n<p><span style=\"font-family: verdana, geneva, sans-serif; font-size: 12pt;\">L&rsquo;\u00eele de mai est en fleurs<\/span><br \/>\n<span style=\"font-family: verdana, geneva, sans-serif; font-size: 12pt;\">Les bougainvill\u00e9es sont flamboyants<\/span><br \/>\n<span style=\"font-family: verdana, geneva, sans-serif; font-size: 12pt;\">et les gen\u00eats trapus<\/span><br \/>\n<span style=\"font-family: verdana, geneva, sans-serif; font-size: 12pt;\">Bras de vignes jet\u00e9s entre deux rives<\/span><br \/>\n<span style=\"font-family: verdana, geneva, sans-serif; font-size: 12pt;\">Je ne sais pas le nom des autres fleurs sauvages<\/span><br \/>\n<span style=\"font-family: verdana, geneva, sans-serif; font-size: 12pt;\">elles ne s&rsquo;appellent pas<\/span><\/p>\n<p><span style=\"font-family: verdana, geneva, sans-serif; font-size: 12pt;\">Le vent parle cr\u00e9tois<\/span><br \/>\n<span style=\"font-family: verdana, geneva, sans-serif; font-size: 12pt;\">et d&rsquo;autres langues encore<\/span><br \/>\n<span style=\"font-family: verdana, geneva, sans-serif; font-size: 12pt;\">sirocco, mistral, foehn, meltem ?<\/span><br \/>\n<span style=\"font-family: verdana, geneva, sans-serif; font-size: 12pt;\">Le vent, avant tout, parle la mer<\/span><\/p>\n<p><span style=\"font-family: verdana, geneva, sans-serif; font-size: 12pt;\">Les oiseaux surtout<\/span><br \/>\n<span style=\"font-family: verdana, geneva, sans-serif; font-size: 12pt;\">partout, les oiseaux<\/span><br \/>\n<span style=\"font-family: verdana, geneva, sans-serif; font-size: 12pt;\">parlent oiseau<\/span><br \/>\n<span style=\"font-family: verdana, geneva, sans-serif; font-size: 12pt;\">mais beaucoup plus<\/span><\/p>\n<p>18 mai 2019<\/p>\n<p>[\/et_pb_text][et_pb_post_nav _builder_version=\u00a0\u00bb3.19.18&Prime; in_same_term=\u00a0\u00bboff\u00a0\u00bb \/][\/et_pb_column][\/et_pb_row][\/et_pb_section]<\/p>\n","protected":false},"excerpt":{"rendered":"<p><div class=\"et_pb_row et_pb_row_0 et_pb_row_empty\">\n\t\t\t\t\n\t\t\t\t\n\t\t\t\t\n\t\t\t\t\n\t\t\t\t\n\t\t\t<\/div><div class=\"et_pb_module et_pb_text et_pb_text_0  et_pb_text_align_left et_pb_bg_layout_light\">\n\t\t\t\t\n\t\t\t\t\n\t\t\t\t\n\t\t\t\t\n\t\t\t\t\n\t\t\t<\/div> L&rsquo;\u00eele de mai est en fleurs Les bougainvill\u00e9es sont flamboyants et les gen\u00eats trapus Bras de vignes jet\u00e9s entre deux rives Je ne sais pas le nom des autres fleurs sauvages elles ne s&rsquo;appellent pas Le vent parle cr\u00e9tois et d&rsquo;autres langues encore sirocco, mistral, foehn, meltem ? Le vent, avant tout, parle la [&hellip;]<\/p>\n","protected":false},"author":1,"featured_media":0,"comment_status":"open","ping_status":"open","sticky":false,"template":"","format":"standard","meta":{"_et_pb_use_builder":"on","_et_pb_old_content":"<p><br \/><span style=\"font-family: verdana, geneva, sans-serif; font-size: 12pt;\">L'\u00eele de mai est en fleurs<\/span><br \/><span style=\"font-family: verdana, geneva, sans-serif; font-size: 12pt;\">Les bougainvill\u00e9es sont flamboyants<\/span><br \/><span style=\"font-family: verdana, geneva, sans-serif; font-size: 12pt;\">et les gen\u00eats trapus<\/span><br \/><span style=\"font-family: verdana, geneva, sans-serif; font-size: 12pt;\">Bras de vignes jet\u00e9s entre deux rives<\/span><br \/><span style=\"font-family: verdana, geneva, sans-serif; font-size: 12pt;\">Je ne sais pas le nom des autres fleurs sauvages<\/span><br \/><span style=\"font-family: verdana, geneva, sans-serif; font-size: 12pt;\">elles ne s'appellent pas<\/span><\/p><p><span style=\"font-family: verdana, geneva, sans-serif; font-size: 12pt;\">Le vent parle cr\u00e9tois<\/span><br \/><span style=\"font-family: verdana, geneva, sans-serif; font-size: 12pt;\">et d'autres langues encore<\/span><br \/><span style=\"font-family: verdana, geneva, sans-serif; font-size: 12pt;\">sirocco, mistral, foehn, meltem ?<\/span><br \/><span style=\"font-family: verdana, geneva, sans-serif; font-size: 12pt;\">Le vent, avant tout, parle la mer<\/span><\/p><p><span style=\"font-family: verdana, geneva, sans-serif; font-size: 12pt;\">Les oiseaux surtout<\/span><br \/><span style=\"font-family: verdana, geneva, sans-serif; font-size: 12pt;\">partout, les oiseaux<\/span><br \/><span style=\"font-family: verdana, geneva, sans-serif; font-size: 12pt;\">parlent oiseau<\/span><br \/><span style=\"font-family: verdana, geneva, sans-serif; font-size: 12pt;\">mais beaucoup plus<\/span><\/p><p><br \/>18 mai 2019<\/p>","_et_gb_content_width":"","om_disable_all_campaigns":false,"_exactmetrics_skip_tracking":false,"_exactmetrics_sitenote_active":false,"_exactmetrics_sitenote_note":"","_exactmetrics_sitenote_category":0,"_monsterinsights_skip_tracking":false,"_monsterinsights_sitenote_active":false,"_monsterinsights_sitenote_note":"","_monsterinsights_sitenote_category":0,"footnotes":""},"categories":[30],"tags":[],"class_list":["post-3555","post","type-post","status-publish","format-standard","hentry","category-quatorzieme-volet"],"aioseo_notices":[],"_links":{"self":[{"href":"https:\/\/voletsouvers.ovh\/index.php\/wp-json\/wp\/v2\/posts\/3555","targetHints":{"allow":["GET"]}}],"collection":[{"href":"https:\/\/voletsouvers.ovh\/index.php\/wp-json\/wp\/v2\/posts"}],"about":[{"href":"https:\/\/voletsouvers.ovh\/index.php\/wp-json\/wp\/v2\/types\/post"}],"author":[{"embeddable":true,"href":"https:\/\/voletsouvers.ovh\/index.php\/wp-json\/wp\/v2\/users\/1"}],"replies":[{"embeddable":true,"href":"https:\/\/voletsouvers.ovh\/index.php\/wp-json\/wp\/v2\/comments?post=3555"}],"version-history":[{"count":1,"href":"https:\/\/voletsouvers.ovh\/index.php\/wp-json\/wp\/v2\/posts\/3555\/revisions"}],"predecessor-version":[{"id":3556,"href":"https:\/\/voletsouvers.ovh\/index.php\/wp-json\/wp\/v2\/posts\/3555\/revisions\/3556"}],"wp:attachment":[{"href":"https:\/\/voletsouvers.ovh\/index.php\/wp-json\/wp\/v2\/media?parent=3555"}],"wp:term":[{"taxonomy":"category","embeddable":true,"href":"https:\/\/voletsouvers.ovh\/index.php\/wp-json\/wp\/v2\/categories?post=3555"},{"taxonomy":"post_tag","embeddable":true,"href":"https:\/\/voletsouvers.ovh\/index.php\/wp-json\/wp\/v2\/tags?post=3555"}],"curies":[{"name":"wp","href":"https:\/\/api.w.org\/{rel}","templated":true}]}}