{"id":3497,"date":"2019-04-03T10:20:47","date_gmt":"2019-04-03T08:20:47","guid":{"rendered":"http:\/\/voletsouvers.ovh\/?p=3497"},"modified":"2019-04-03T11:24:45","modified_gmt":"2019-04-03T09:24:45","slug":"cochon-davril","status":"publish","type":"post","link":"https:\/\/voletsouvers.ovh\/index.php\/2019\/04\/03\/cochon-davril\/","title":{"rendered":"Cochon d&rsquo;avril"},"content":{"rendered":"<p>[et_pb_section bb_built=\u00a0\u00bb1&Prime;][et_pb_row][et_pb_column type=\u00a0\u00bb4_4&Prime;][et_pb_text _builder_version=\u00a0\u00bb3.19.18&Prime;]<\/p>\n<p><span style=\"font-family: verdana, geneva, sans-serif; font-size: 12pt;\">Les cochons ne sont pas des porcs. Contrairement aux id\u00e9es re\u00e7ues, ils aiment \u00eatre propres.<\/span> <br \/><span style=\"font-family: verdana, geneva, sans-serif; font-size: 12pt;\">Le cochon que j&rsquo;ai eu cette ann\u00e9e-l\u00e0, aimait que l&rsquo;on cure son \u00e9table. Il aimait par-dessus tout la douche. <\/span> <span style=\"font-family: verdana, geneva, sans-serif; font-size: 12pt;\">L&rsquo;eau que nous utilisions pour le laver provenait d&rsquo;une source \u00e0 3 km de l\u00e0, achemin\u00e9e dans un tuyau noir qui captait la chaleur du soleil. Elle arrivait chaude et le cochon se p\u00e2mait sous le jet. Il fermait les yeux, sa gueule se fendait comme d&rsquo;un large sourire. Il tombait en p\u00e2moison, oui, il tombait litt\u00e9ralement sous la brosse \u00e0 chiendent avec laquelle nous lui frottions l&rsquo;\u00e9chine. Bross\u00e9 sur le flanc gauche, il se laissait aller, ses pattes fl\u00e9chissaient, il penchait, penchait, il allait tomber sur le c\u00f4t\u00e9 gauche. Il fallait alors vite brosser le flanc droit pour qu&rsquo;il se redresse.<\/span><\/p>\n<p><span style=\"font-family: verdana, geneva, sans-serif; font-size: 12pt;\">Ce jour de premier avril est bleu, soleil \u00e9clatant.<\/span> <span style=\"font-family: verdana, geneva, sans-serif; font-size: 12pt;\">Un temps id\u00e9al pour la douche.<\/span> <br \/><span style=\"font-family: verdana, geneva, sans-serif; font-size: 12pt;\">Laetitia, la s\u0153ur de mon fils, est en vacances Elle a 14 ans.<\/span><\/p>\n<p><span style=\"font-family: verdana, geneva, sans-serif; font-size: 12pt;\">\u00a0&#8211; Je vais laver le cochon, me dit-elle.<\/span> <br \/><span style=\"font-family: verdana, geneva, sans-serif; font-size: 12pt;\">Elle enfile ses bottes, se munit d&rsquo;une pelle pour \u00e9vacuer la fange, s&#8217;empare du tuyau apr\u00e8s avoir ouvert la vanne et entre dans la soue.<\/span> <span style=\"font-family: verdana, geneva, sans-serif; font-size: 12pt;\">Elle commence \u00e0 arroser la b\u00eate qui grogne de plaisir.<\/span> <span style=\"font-family: verdana, geneva, sans-serif; font-size: 12pt;\">\u00a0 <\/span><\/p>\n<p><span style=\"font-family: verdana, geneva, sans-serif; font-size: 12pt;\">\u00a0&#8211;\u00a0 Oh j&rsquo;ai oubli\u00e9 la brosse, me dit-elle.<\/span> <span style=\"font-family: verdana, geneva, sans-serif; font-size: 12pt;\">\u00a0 <br \/>\u00a0&#8211;\u00a0 Attends, je te l&rsquo;apporte.<\/span> <br \/><span style=\"font-family: verdana, geneva, sans-serif; font-size: 12pt;\">C&rsquo;est un premier avril, donc. <br \/><\/span><span style=\"font-family: verdana, geneva, sans-serif; font-size: 12pt;\">Personne n&rsquo;a encore scotch\u00e9 de poisson en papier sur le dos de personne.<\/span> <br \/><span style=\"font-family: verdana, geneva, sans-serif; font-size: 12pt;\">Personne n&rsquo;a encore mis de pot de yaourt rempli d&rsquo;eau en \u00e9quilibre au-dessus de la porte entreb\u00e2ill\u00e9e.<\/span> <br \/><span style=\"font-family: verdana, geneva, sans-serif; font-size: 12pt;\">Un copain nous avait apport\u00e9 quelque temps auparavant de la poudre de fluoresc\u00e9ine. Il nous avait expliqu\u00e9 que cela servait \u00e0 rep\u00e9rer les cours d&rsquo;eau souterrains, c&rsquo;est du moins l&rsquo;usage qu&rsquo;il venait d&rsquo;en faire. Il lui en restait un petit peu et il nous l&rsquo;avait apport\u00e9 dans une enveloppe. <br \/>Une poudre rose qui devenait vert fluo au contact de l&rsquo;eau. Une curiosit\u00e9 que j&rsquo;avais gard\u00e9e dans un tiroir.<\/span><\/p>\n<p><span style=\"font-family: verdana, geneva, sans-serif; font-size: 12pt;\">Je prends la brosse \u00e0 chiendent sous l&rsquo;\u00e9vier, je verse entre ses poils une pinc\u00e9e de fluoresc\u00e9ine, je l&rsquo;apporte \u00e0 mon ado et je repars \u00e0 mes occupations.<\/span> <span style=\"font-family: verdana, geneva, sans-serif; font-size: 12pt;\">Laetitia tr\u00e8s vite m&rsquo;interpelle d&rsquo;une voix angoiss\u00e9e :<\/p>\n<p><\/span> <span style=\"font-family: verdana, geneva, sans-serif; font-size: 12pt;\">\u00a0\u00a0\u00a0 &#8211; Dis, Colette, viens voir, c&rsquo;est bizarre, le cochon il est tout vert !<\/span> <span style=\"font-family: verdana, geneva, sans-serif; font-size: 12pt;\">Plus je frotte, et plus il l&rsquo;est !<\/span><\/p>\n<p><span style=\"font-family: verdana, geneva, sans-serif; font-size: 12pt;\">Effectivement, le cochon mousse vert. Il est hilare et copieusement fluo&#8230;<\/span><\/p>\n<p>\u00a0<\/p>\n<p>3 avril 2019<\/p>\n<p>\u00a0<\/p>\n<p>[\/et_pb_text][et_pb_post_nav _builder_version=\u00a0\u00bb3.19.18&Prime; in_same_term=\u00a0\u00bboff\u00a0\u00bb \/][\/et_pb_column][\/et_pb_row][\/et_pb_section]<\/p>\n","protected":false},"excerpt":{"rendered":"<p><div class=\"et_pb_row et_pb_row_0 et_pb_row_empty\">\n\t\t\t\t\n\t\t\t\t\n\t\t\t\t\n\t\t\t\t\n\t\t\t\t\n\t\t\t<\/div> Les cochons ne sont pas des porcs. Contrairement aux id\u00e9es re\u00e7ues, ils aiment \u00eatre propres. Le cochon que j&rsquo;ai eu cette ann\u00e9e-l\u00e0, aimait que l&rsquo;on cure son \u00e9table. Il aimait par-dessus tout la douche. L&rsquo;eau que nous utilisions pour le laver provenait d&rsquo;une source \u00e0 3 km de l\u00e0, achemin\u00e9e dans un tuyau noir [&hellip;]<\/p>\n","protected":false},"author":1,"featured_media":0,"comment_status":"open","ping_status":"open","sticky":false,"template":"","format":"standard","meta":{"_et_pb_use_builder":"on","_et_pb_old_content":"<p><span style=\"font-family: verdana, geneva, sans-serif; font-size: 12pt;\">Les cochons ne sont pas des porcs. Contrairement aux id\u00e9es re\u00e7ues, ils aiment \u00eatre propres.<\/span><br \/><span style=\"font-family: verdana, geneva, sans-serif; font-size: 12pt;\">Le cochon que j'ai eu cette ann\u00e9e-l\u00e0, aimait que l'on cure son \u00e9table. Il aimait par-dessus tout la douche. <\/span><br \/><span style=\"font-family: verdana, geneva, sans-serif; font-size: 12pt;\">L'eau que nous utilisions pour le laver provenait d'une source \u00e0 3 km de l\u00e0, achemin\u00e9e dans un tuyau noir qui captait la chaleur du soleil. Elle arrivait chaude et le cochon se p\u00e2mait sous le jet. Il fermait les yeux, sa gueule se fendait comme d'un large sourire. Il tombait en p\u00e2moison, oui, il tombait litt\u00e9ralement sous la brosse \u00e0 chiendent avec laquelle nous lui frottions l'\u00e9chine. Bross\u00e9 sur le flanc gauche, il se laissait aller, ses pattes fl\u00e9chissaient, il penchait, penchait, il allait tomber sur le c\u00f4t\u00e9 gauche. Il fallait alors vite brosser le flanc droit pour qu'il se redresse.<\/span><br \/><span style=\"font-family: verdana, geneva, sans-serif; font-size: 12pt;\">Ce jour de premier avril est bleu, soleil \u00e9clatant.<\/span><br \/><span style=\"font-family: verdana, geneva, sans-serif; font-size: 12pt;\">Un temps id\u00e9al pour la douche.<\/span><br \/><span style=\"font-family: verdana, geneva, sans-serif; font-size: 12pt;\">Laetitia, la s\u0153ur de mon fils, est en vacances Elle a 14 ans.<\/span><br \/><span style=\"font-family: verdana, geneva, sans-serif; font-size: 12pt;\">Je vais laver le cochon, me dit-elle.<\/span><br \/><span style=\"font-family: verdana, geneva, sans-serif; font-size: 12pt;\">Elle enfile ses bottes, se munit d'une pelle pour \u00e9vacuer la fange, s'empare du tuyau apr\u00e8s avoir ouvert la vanne et entre dans la soue.<\/span><br \/><span style=\"font-family: verdana, geneva, sans-serif; font-size: 12pt;\">Elle commence \u00e0 arroser la b\u00eate qui grogne de plaisir.<\/span><br \/><span style=\"font-family: verdana, geneva, sans-serif; font-size: 12pt;\">\u00a0 -\u00a0 Oh j'ai oubli\u00e9 la brosse, me dit-elle.<\/span><br \/><span style=\"font-family: verdana, geneva, sans-serif; font-size: 12pt;\">\u00a0 -\u00a0 Attends, je te l'apporte.<\/span><\/p><p><span style=\"font-family: verdana, geneva, sans-serif; font-size: 12pt;\">C'est un premier avril, donc. Personne n'a encore scotch\u00e9 de poisson en papier sur le dos de personne.<\/span><br \/><span style=\"font-family: verdana, geneva, sans-serif; font-size: 12pt;\">Personne n'a encore mis de pot de yaourt rempli d'eau en \u00e9quilibre au-dessus de la porte entreb\u00e2ill\u00e9e.<\/span><br \/><span style=\"font-family: verdana, geneva, sans-serif; font-size: 12pt;\">Un copain nous avait apport\u00e9 quelque temps auparavant de la poudre de fluoresc\u00e9ine. Il nous avait expliqu\u00e9 que cela servait \u00e0 rep\u00e9rer les cours d'eau souterrains, c'est du moins l'usage qu'il venait d'en faire. Il lui en restait un petit peu et il nous l'avait apport\u00e9 dans une enveloppe. Une poudre rose qui devenait vert fluo au contact de l'eau. Une curiosit\u00e9 que j'avais gard\u00e9e dans un tiroir.<\/span><\/p><p><span style=\"font-family: verdana, geneva, sans-serif; font-size: 12pt;\">Je prends la brosse \u00e0 chiendent sous l'\u00e9vier, je verse entre ses poils une pinc\u00e9e de fluoresc\u00e9ine, je l'apporte \u00e0 mon ado et je repars \u00e0 mes occupations.<\/span><br \/><span style=\"font-family: verdana, geneva, sans-serif; font-size: 12pt;\">Laetitia tr\u00e8s vite m'interpelle d'une voix angoiss\u00e9e :<\/span><br \/><span style=\"font-family: verdana, geneva, sans-serif; font-size: 12pt;\">\u00a0 - Dis, Colette, viens voir, c'est bizarre, le cochon il est tout vert !<\/span><br \/><span style=\"font-family: verdana, geneva, sans-serif; font-size: 12pt;\">\u00a0\u00a0\u00a0 Plus je frotte, et plus il l'est !<\/span><br \/><span style=\"font-family: verdana, geneva, sans-serif; font-size: 12pt;\">Effectivement, le cochon mousse vert. Il est hilare et copieusement fluo...<\/span><\/p><p><br \/>3 avril 2019<\/p>","_et_gb_content_width":"","om_disable_all_campaigns":false,"_exactmetrics_skip_tracking":false,"_exactmetrics_sitenote_active":false,"_exactmetrics_sitenote_note":"","_exactmetrics_sitenote_category":0,"_monsterinsights_skip_tracking":false,"_monsterinsights_sitenote_active":false,"_monsterinsights_sitenote_note":"","_monsterinsights_sitenote_category":0,"footnotes":""},"categories":[16],"tags":[],"class_list":["post-3497","post","type-post","status-publish","format-standard","hentry","category-chroniques"],"aioseo_notices":[],"_links":{"self":[{"href":"https:\/\/voletsouvers.ovh\/index.php\/wp-json\/wp\/v2\/posts\/3497","targetHints":{"allow":["GET"]}}],"collection":[{"href":"https:\/\/voletsouvers.ovh\/index.php\/wp-json\/wp\/v2\/posts"}],"about":[{"href":"https:\/\/voletsouvers.ovh\/index.php\/wp-json\/wp\/v2\/types\/post"}],"author":[{"embeddable":true,"href":"https:\/\/voletsouvers.ovh\/index.php\/wp-json\/wp\/v2\/users\/1"}],"replies":[{"embeddable":true,"href":"https:\/\/voletsouvers.ovh\/index.php\/wp-json\/wp\/v2\/comments?post=3497"}],"version-history":[{"count":4,"href":"https:\/\/voletsouvers.ovh\/index.php\/wp-json\/wp\/v2\/posts\/3497\/revisions"}],"predecessor-version":[{"id":3501,"href":"https:\/\/voletsouvers.ovh\/index.php\/wp-json\/wp\/v2\/posts\/3497\/revisions\/3501"}],"wp:attachment":[{"href":"https:\/\/voletsouvers.ovh\/index.php\/wp-json\/wp\/v2\/media?parent=3497"}],"wp:term":[{"taxonomy":"category","embeddable":true,"href":"https:\/\/voletsouvers.ovh\/index.php\/wp-json\/wp\/v2\/categories?post=3497"},{"taxonomy":"post_tag","embeddable":true,"href":"https:\/\/voletsouvers.ovh\/index.php\/wp-json\/wp\/v2\/tags?post=3497"}],"curies":[{"name":"wp","href":"https:\/\/api.w.org\/{rel}","templated":true}]}}