{"id":3188,"date":"2018-11-14T20:23:23","date_gmt":"2018-11-14T19:23:23","guid":{"rendered":"http:\/\/voletsouvers.ovh\/?p=3188"},"modified":"2018-11-15T14:24:56","modified_gmt":"2018-11-15T13:24:56","slug":"lecture-de-voix-eclatees","status":"publish","type":"post","link":"https:\/\/voletsouvers.ovh\/index.php\/2018\/11\/14\/lecture-de-voix-eclatees\/","title":{"rendered":"Lecture de Voix \u00e9clat\u00e9es"},"content":{"rendered":"<p>[et_pb_section admin_label=\u00a0\u00bbsection\u00a0\u00bb][et_pb_row admin_label=\u00a0\u00bbrow\u00a0\u00bb][et_pb_column type=\u00a0\u00bb4_4&Prime;][et_pb_text admin_label=\u00a0\u00bbTexte\u00a0\u00bb background_layout=\u00a0\u00bblight\u00a0\u00bb text_orientation=\u00a0\u00bbleft\u00a0\u00bb use_border_color=\u00a0\u00bboff\u00a0\u00bb border_color=\u00a0\u00bb#ffffff\u00a0\u00bb border_style=\u00a0\u00bbsolid\u00a0\u00bb]<\/p>\n<p><span style=\"font-family: verdana, geneva, sans-serif; font-size: 12pt;\">C&rsquo;\u00e9tait le 13 novembre 2018. La librairie Le Bleuet recevait des coll\u00e9giens de Banon. Une rencontre autour de la m\u00e9moire de la Grande Guerre et de l&rsquo;armistice en Provence, en partenariat avec C&rsquo;est-\u00e0-Dire \u00e9ditions et <span style=\"color: #808080;\">BLEUET CIE<\/span>.<\/span><br \/>\n<span style=\"font-family: verdana, geneva, sans-serif; font-size: 12pt;\">Lecture par Philippe Fr\u00e9chet d&rsquo;un po\u00e8me tir\u00e9 de l&rsquo;excellent recueil de Patrick Quillier <em>Voix \u00e9clat\u00e9es (de 14 \u00e0 18)<\/em>, publi\u00e9 aux \u00e9ditions f\u00e9d\u00e9rop.<\/span><\/p>\n<p><iframe loading=\"lazy\" src=\"\/\/player.vimeo.com\/video\/300786951?title=0&amp;amp;byline=0\" width=\"640\" height=\"360\" frameborder=\"0\" allowfullscreen=\"allowfullscreen\"><\/iframe><\/p>\n<p>&nbsp;<\/p>\n<p>[\/et_pb_text][et_pb_image admin_label=\u00a0\u00bbImage\u00a0\u00bb src=\u00a0\u00bbhttp:\/\/voletsouvers.ovh\/wp-content\/uploads\/2018\/11\/couv-Quillier.jpeg\u00a0\u00bb show_in_lightbox=\u00a0\u00bboff\u00a0\u00bb url_new_window=\u00a0\u00bboff\u00a0\u00bb use_overlay=\u00a0\u00bboff\u00a0\u00bb animation=\u00a0\u00bbleft\u00a0\u00bb sticky=\u00a0\u00bboff\u00a0\u00bb align=\u00a0\u00bbleft\u00a0\u00bb force_fullwidth=\u00a0\u00bboff\u00a0\u00bb always_center_on_mobile=\u00a0\u00bbon\u00a0\u00bb use_border_color=\u00a0\u00bboff\u00a0\u00bb border_color=\u00a0\u00bb#ffffff\u00a0\u00bb border_style=\u00a0\u00bbsolid\u00a0\u00bb] [\/et_pb_image][et_pb_post_nav admin_label=\u00a0\u00bbNavigation dans les posts\u00a0\u00bb in_same_term=\u00a0\u00bboff\u00a0\u00bb hide_prev=\u00a0\u00bboff\u00a0\u00bb hide_next=\u00a0\u00bboff\u00a0\u00bb use_border_color=\u00a0\u00bboff\u00a0\u00bb border_color=\u00a0\u00bb#ffffff\u00a0\u00bb border_style=\u00a0\u00bbsolid\u00a0\u00bb] [\/et_pb_post_nav][\/et_pb_column][\/et_pb_row][\/et_pb_section]<\/p>\n","protected":false},"excerpt":{"rendered":"<p>C&rsquo;\u00e9tait le 13 novembre 2018. La librairie Le Bleuet recevait des coll\u00e9giens de Banon. Une rencontre autour de la m\u00e9moire de la Grande Guerre et de l&rsquo;armistice en Provence, en partenariat avec C&rsquo;est-\u00e0-Dire \u00e9ditions et BLEUET CIE. Lecture par Philippe Fr\u00e9chet d&rsquo;un po\u00e8me tir\u00e9 de l&rsquo;excellent recueil de Patrick Quillier Voix \u00e9clat\u00e9es (de 14 \u00e0 [&hellip;]<\/p>\n","protected":false},"author":1,"featured_media":0,"comment_status":"open","ping_status":"open","sticky":false,"template":"","format":"standard","meta":{"_et_pb_use_builder":"on","_et_pb_old_content":"<p><span style=\"font-family: verdana, geneva, sans-serif; font-size: 12pt;\">C'\u00e9tait le 13 novembre 2018. La librairie Le Bleuet recevait des coll\u00e9giens de Banon. Une rencontre autour de la m\u00e9moire de la Grande Guerre et de l'armistice en Provence, en partenariat avec C'est-\u00e0-Dire \u00e9ditions et <span style=\"color: #00ccff;\">BLEUET<\/span> <span style=\"color: #ff6600;\">CIE<\/span>.<\/span><br \/><span style=\"font-family: verdana, geneva, sans-serif; font-size: 12pt;\">Lecture de Philippe Fr\u00e9chet d'un po\u00e8me tir\u00e9 de l'excellent recueil de Patrick Quillier \"Voix \u00e9clat\u00e9es (de 14 \u00e0 18)\", publi\u00e9 aux \u00e9ditions f\u00e9d\u00e9rop<\/span><\/p><p><iframe src=\"\/\/player.vimeo.com\/video\/300786951?title=0&byline=0\" width=\"640\" height=\"360\" frameborder=\"0\" allowfullscreen=\"allowfullscreen\"><\/iframe><\/p><p>\u00a0<\/p>","_et_gb_content_width":"","om_disable_all_campaigns":false,"_exactmetrics_skip_tracking":false,"_exactmetrics_sitenote_active":false,"_exactmetrics_sitenote_note":"","_exactmetrics_sitenote_category":0,"_monsterinsights_skip_tracking":false,"_monsterinsights_sitenote_active":false,"_monsterinsights_sitenote_note":"","_monsterinsights_sitenote_category":0,"footnotes":""},"categories":[15,30,14],"tags":[],"class_list":["post-3188","post","type-post","status-publish","format-standard","hentry","category-poemes-video","category-quatorzieme-volet","category-videos"],"aioseo_notices":[],"_links":{"self":[{"href":"https:\/\/voletsouvers.ovh\/index.php\/wp-json\/wp\/v2\/posts\/3188","targetHints":{"allow":["GET"]}}],"collection":[{"href":"https:\/\/voletsouvers.ovh\/index.php\/wp-json\/wp\/v2\/posts"}],"about":[{"href":"https:\/\/voletsouvers.ovh\/index.php\/wp-json\/wp\/v2\/types\/post"}],"author":[{"embeddable":true,"href":"https:\/\/voletsouvers.ovh\/index.php\/wp-json\/wp\/v2\/users\/1"}],"replies":[{"embeddable":true,"href":"https:\/\/voletsouvers.ovh\/index.php\/wp-json\/wp\/v2\/comments?post=3188"}],"version-history":[{"count":7,"href":"https:\/\/voletsouvers.ovh\/index.php\/wp-json\/wp\/v2\/posts\/3188\/revisions"}],"predecessor-version":[{"id":3198,"href":"https:\/\/voletsouvers.ovh\/index.php\/wp-json\/wp\/v2\/posts\/3188\/revisions\/3198"}],"wp:attachment":[{"href":"https:\/\/voletsouvers.ovh\/index.php\/wp-json\/wp\/v2\/media?parent=3188"}],"wp:term":[{"taxonomy":"category","embeddable":true,"href":"https:\/\/voletsouvers.ovh\/index.php\/wp-json\/wp\/v2\/categories?post=3188"},{"taxonomy":"post_tag","embeddable":true,"href":"https:\/\/voletsouvers.ovh\/index.php\/wp-json\/wp\/v2\/tags?post=3188"}],"curies":[{"name":"wp","href":"https:\/\/api.w.org\/{rel}","templated":true}]}}