{"id":3120,"date":"2018-09-12T15:40:47","date_gmt":"2018-09-12T13:40:47","guid":{"rendered":"http:\/\/voletsouvers.ovh\/?p=3120"},"modified":"2018-09-13T18:10:24","modified_gmt":"2018-09-13T16:10:24","slug":"a-propos-de-lor-saisons-de-clement-g-second","status":"publish","type":"post","link":"https:\/\/voletsouvers.ovh\/index.php\/2018\/09\/12\/a-propos-de-lor-saisons-de-clement-g-second\/","title":{"rendered":"A propos de L\u2019or saisons de Cl\u00e9ment G. Second"},"content":{"rendered":"<p>[et_pb_section admin_label=\u00a0\u00bbsection\u00a0\u00bb][et_pb_row admin_label=\u00a0\u00bbrow\u00a0\u00bb][et_pb_column type=\u00a0\u00bb4_4&Prime;][et_pb_text admin_label=\u00a0\u00bbTexte\u00a0\u00bb background_layout=\u00a0\u00bblight\u00a0\u00bb text_orientation=\u00a0\u00bbleft\u00a0\u00bb use_border_color=\u00a0\u00bboff\u00a0\u00bb border_color=\u00a0\u00bb#ffffff\u00a0\u00bb border_style=\u00a0\u00bbsolid\u00a0\u00bb]<\/p>\n<p><span style=\"font-family: verdana, geneva, sans-serif; font-size: 14pt;\"><img loading=\"lazy\" decoding=\"async\" class=\"alignnone size-full wp-image-3080\" src=\"http:\/\/voletsouvers.ovh\/wp-content\/uploads\/2018\/08\/Couv-Lor-saisons.jpg\" alt=\"Couv L'or saisons\" width=\"900\" height=\"712\" srcset=\"https:\/\/voletsouvers.ovh\/wp-content\/uploads\/2018\/08\/Couv-Lor-saisons.jpg 900w, https:\/\/voletsouvers.ovh\/wp-content\/uploads\/2018\/08\/Couv-Lor-saisons-300x237.jpg 300w, https:\/\/voletsouvers.ovh\/wp-content\/uploads\/2018\/08\/Couv-Lor-saisons-768x608.jpg 768w, https:\/\/voletsouvers.ovh\/wp-content\/uploads\/2018\/08\/Couv-Lor-saisons-600x475.jpg 600w\" sizes=\"(max-width: 900px) 100vw, 900px\" \/><br \/>\nUne Orpailleuse de finitudes<\/span><\/p>\n<p><span style=\"font-family: verdana, geneva, sans-serif; font-size: 12pt;\"><strong>\u00a0<\/strong><\/span><\/p>\n<p><span style=\"font-family: verdana, geneva, sans-serif; font-size: 12pt;\"><strong>L\u2019or saisons<\/strong><\/span><\/p>\n<p><span style=\"font-family: verdana, geneva, sans-serif; font-size: 12pt;\"><strong>\u00a0<\/strong><\/span><\/p>\n<p><span style=\"font-family: verdana, geneva, sans-serif; font-size: 12pt;\"><strong>de Colette Daviles-Estin\u00e8s<\/strong><\/span><\/p>\n<p><span style=\"font-family: verdana, geneva, sans-serif; font-size: 12pt;\"><strong>illustr\u00e9e par <a href=\"http:\/\/www.philippe-croq.com\/\" target=\"_blank\">Philippe Croq<\/a><\/strong><\/span><\/p>\n<p><span style=\"font-family: verdana, geneva, sans-serif; font-size: 12pt;\">(\u00c9d. <a href=\"http:\/\/www.editions-tipaza.com\/home\/\" target=\"_blank\">Tipaza<\/a>, 2018)<\/span><\/p>\n<p><span style=\"font-size: 12pt; color: #808080;\"><span style=\"font-family: verdana, geneva, sans-serif;\">Qui, avant de le tenir enfin entre ses mains puis d\u2019y engager ses regards,\u00a0ne le connaissant pas encore mais l\u2019ayant un peu devin\u00e9 par assiduit\u00e9 aux <em>Volets ou<\/em> <em>vers<\/em>, le riche blog accueillant de la po\u00e8te, et aux revues,\u00a0<span lang=\"fr\">au chaleureux <\/span><span lang=\"fr\"><i>Lichen<\/i><\/span><span lang=\"fr\"> d\u2019\u00c9lis\u00e9e Bec<\/span><span style=\"font-family: Arial, sans-serif;\"><span lang=\"fr\">\u00a0<\/span><\/span>dont chaque num\u00e9ro publie de ses textes en particulier \u2013 qui donc ne s\u2019ennuyait souvent, impatiemment, de <em>L\u2019or saisons<\/em>\u00a0?<\/span><\/span><\/p>\n<p><span style=\"font-family: verdana, geneva, sans-serif; font-size: 12pt; color: #808080;\">Dans cet ouvrage aux pages v\u00e9g\u00e9tales, branches-feuilles souples accol\u00e9es au tronc du dos, les po\u00e8mes de Colette Daviles-Estin\u00e8s fascinent par une constante beaut\u00e9 diffract\u00e9e en inflexions menant tr\u00e8s loin, et l\u2019art de Philippe Croq intercale des peintures polys\u00e9miques comme autant de superbes jalons et relais complices.<\/span><\/p>\n<p><span style=\"font-family: verdana, geneva, sans-serif; font-size: 12pt;\"><span style=\"color: #808080;\">Sa d\u00e9couverte, lexique et picturale, procure<\/span> <strong>un multiple plaisir, un enchantement<\/strong>. \u00c9trang\u00e8re au virtuose, au p\u00e9remptoire, au savant, mais au contraire amie des pr\u00e9sences et signes, les apprivoisant, les creusant, s\u2019y apprivoisant aussi, proposant en partage tout un cheminement parmi eux, la parole inspir\u00e9e de Colette Daviles-Estin\u00e8s suscite ce rare bonheur.<\/span><\/p>\n<p><span style=\"font-family: verdana, geneva, sans-serif; font-size: 12pt;\">Parole travers\u00e9e, et du lent, nuanc\u00e9 tournoiement des saisons rendu par un paysagisme li\u00e9 \u00e0 l\u2019int\u00e9riorit\u00e9, et de saisies instantan\u00e9es touchant parfois \u00e0 la captation pure, et d\u2019une <em>vivance<\/em> (selon le mot de la po\u00e8te) \u00e9volutive \u00e0 m\u00eame le truchement vari\u00e9, complexe, du monde, non abstraite de lui. Parole-tentative et parole-d\u00e9couverte, \u00e0 la fois tr\u00e8s vibrante, chatoyante et d\u2019un trac\u00e9 si s\u00fbr, comme n\u00e9cessaire, avec ce quelque chose de parfait d\u2019un geste calligraphe. On devine par quelles mailles fines, quelle exigence personnelle sans pr\u00e9judice du naturel, de la fantaisie m\u00eame, quel d\u00fb \u00e0 la Langue aussi, d\u2019abord et toujours, l\u2019attention \u00e0 l\u2019alentour et \u00e0 soi de Colette Daviles-Estin\u00e8s infuse, passe et passe, se tamise jusqu\u2019\u00e0 l\u2019obtention d\u2019un parachev\u00e9 \u2013 sans pr\u00e9tention, \u00e0 l\u2019instar de l\u2019absence de majuscule \u00e0 l\u2019or du titre.<\/span><\/p>\n<p><span style=\"font-family: verdana, geneva, sans-serif; font-size: 12pt;\">Les citations se bousculent\u00a0; en voici plusieurs dont on identifiera ou devinera les liens avec les traits ci-dessus d\u00e9gag\u00e9s (pardon pour les po\u00e8mes ainsi morcel\u00e9s, mais ces passages devraient donner envie de les lire&#8230;).<\/span><\/p>\n<p><span style=\"font-family: verdana, geneva, sans-serif; font-size: 12pt;\"><em>Accrocher un verbe bleu aux phrases du vent <\/em>(Arrimer en pays d\u2019automne, p.19)<\/span><\/p>\n<p><span style=\"font-family: verdana, geneva, sans-serif; font-size: 12pt;\"><em>Le souvenir est neuf, je l\u2019ai puis\u00e9 demain<\/em> (Le courant des rivi\u00e8res, p.23)<\/span><\/p>\n<p><span style=\"font-family: verdana, geneva, sans-serif; font-size: 12pt;\"><em>Jeter \u00e0 la mer \/ l\u2019amer des choses<\/em> (Avec des si, p.25)<\/span><\/p>\n<p><span style=\"font-family: verdana, geneva, sans-serif; font-size: 12pt;\"><em>Je passe \u00e0 gu\u00e9 ma solitude \/ Le ciel se propage<\/em> (\u00c9ternit\u00e9, p.29)<\/span><\/p>\n<p><span style=\"font-family: verdana, geneva, sans-serif; font-size: 12pt;\"><em>Prendre le pouls de l\u2019hiver \/ Aux poignets nus des arbres<\/em> (<em>Un hiver au soleil<\/em>, in Alb\u00e2tre, p.48)<\/span><\/p>\n<p><span style=\"font-family: verdana, geneva, sans-serif; font-size: 12pt;\"><em>C\u2019est \u00e0 se prendre les pieds dans la lumi\u00e8re<\/em> (<em>Le temps se l\u00e8ve<\/em>, in Alb\u00e2tre, p.48)<\/span><\/p>\n<p><span style=\"font-family: verdana, geneva, sans-serif; font-size: 12pt;\"><em>Frotter les mots \u2013 t\u00eatue \u2013 \/ aux tessons de la nuit \/ User beaucoup de silence (T\u00eatue, <\/em>in Nocturnes, p.<em> 60)<\/em><\/span><\/p>\n<p><span style=\"font-family: verdana, geneva, sans-serif; font-size: 12pt;\"><em>C\u2019est plein de vivance dans ma vie<\/em> (La vivance, p.74)<\/span><\/p>\n<p><span style=\"font-family: verdana, geneva, sans-serif; font-size: 12pt;\"><em>C\u2019est du silence qui traverse \/ noir velours \/ une pipistrelle<\/em> (Pipistrelle, p.89)<\/span><\/p>\n<p><span style=\"font-family: verdana, geneva, sans-serif; font-size: 12pt;\"><em>Une mouche fouille la chair de l\u2019air \/ elle vibre et s\u2019agace \/ au carreau bleu du jour<\/em> (Chaleur, p.90)<\/span><\/p>\n<p><span style=\"font-family: verdana, geneva, sans-serif; font-size: 12pt;\"><em>Jour bleu torride \/ compact \/ Fa\u00e7ade de ciel lisse \/ Aucune prise sur les mots \/ et j\u2019\u00e9cris que \/ je<\/em> <em>n\u2019\u00e9cris pas \/ Soudain l\u2019invisible d\u00e9chirure \/ d\u2019un avion \u00e0 r\u00e9action \/ &#8230; \/ Aucune trace<\/em> <em>pourtant <\/em> (Bleu, p.93)<\/span><\/p>\n<p><span style=\"font-family: verdana, geneva, sans-serif; font-size: 12pt;\"><em>\u00c9crire, et pourquoi non\u00a0? \/ &#8230; \/ Pourquoi non, le chiendent\u00a0? \/ Et m\u00eame l\u2019ombre, oui <\/em>\/ <em>m\u00eame l\u2019ombre rayonne, v\u00e9n\u00e9neuse \/<\/em> <em>\u00e9panouie<\/em> (Et pourquoi non\u00a0? p.114)<\/span><\/p>\n<p><span style=\"font-family: verdana, geneva, sans-serif; font-size: 12pt;\"><em>Justement \/ il y avait comme une bu\u00e9e \/ sur les carreaux que je n\u2019avais<\/em> pas [Vers \u00e0 travers verres (correcteurs), p. 121]<\/span><\/p>\n<p><span style=\"font-family: verdana, geneva, sans-serif; font-size: 12pt;\">&#8230; Mais L\u2019or saisons offre davantage \u00e0 qui le d\u00e9couvre. Le recueil acc\u00e8de \u00e0 la pl\u00e9nitude de cette premi\u00e8re identit\u00e9 par la gr\u00e2ce d\u2019un mouvement foncier de <strong>d\u00e9sir po\u00e9tique<\/strong> qui de bout en bout le m\u00e8ne.<\/span><\/p>\n<p><span style=\"font-family: verdana, geneva, sans-serif; font-size: 12pt;\">Au nombre des entr\u00e9es plausibles dans le c\u0153ur de l\u2019ensemble, celle-ci en particulier appara\u00eet porteuse de pertinence. Il s\u2019agit d\u2019un d\u00e9sir incluant le courage d\u2019\u00eatre et de <em>faire<\/em> (selon l\u2019\u00e9tymologie du mot po\u00e9sie) quelles que soient les variations int\u00e9rieures\u00a0; d\u2019assumer la Parole et ses valences, ses gratifications, les douleurs qu\u2019elle met au jour, ses possibles dangers, ses ravissants inattendus. D\u2019un po\u00e8me \u00e0 l\u2019autre, l\u2019audace du dire est un enjeu que gagne la loyaut\u00e9 ferme avec soi, le r\u00e9el et la langue. Il y va de la m\u00e9tabolisation en substance de partage des ressentis qui visitant la po\u00e8te la touchent, la mobilisent. Une \u00e9nergie, volont\u00e9 et amour de la vie confondues, la pousse \u00e0 embrasser toutes choses \u00e9prouv\u00e9es \u2013 dans un \u00e9lan toutefois indemne d\u2019illusion.<\/span><\/p>\n<p><span style=\"font-family: verdana, geneva, sans-serif; font-size: 12pt;\">Car Colette Daviles-Estin\u00e8s n\u2019est pas dupe des limites du chemin, des donn\u00e9es fuyantes ou adverses de l\u2019existence\u00a0: en un mot-clef, d\u2019aucune <em>finitude<\/em>. Si par exemple m\u00e9lancolie, solitude, nostalgie, sentiment de vanit\u00e9 ou d\u2019insuffisance n\u2019ont pas le dernier mot de ses pages, ils les visitent, que ce soit en sourdine ou par \u00e9lancements, concurremment aux inclinations heureuses, confiances, sourires, rencontres du beau, d\u00e9clinaisons du sens. Comment en serait-il autrement dans une <em>vivance <\/em>authentique d\u00e9nu\u00e9e d\u2019auto-bercement\u00a0? D\u00e8s lors, que faire dans l\u2019\u00e9mouvant <em>ici<\/em> de vivre, marqu\u00e9 d\u2019une fa\u00e7on ou d\u2019une autre, m\u00eame partiellement, par la carence ontologique\u00a0? Combien, \u00e0 la place de la po\u00e8te, verseraient dans le ressentiment ou la plainte, ou encore le d\u00e9sabusement esth\u00e9tisant, etc. Le cap tenu par elle n\u2019a rien \u00e0 voir avec de telles compensations. Son cours est qu\u00eate d\u2019un <em>lointain de profondeur<\/em>, qu\u00eate toute de sinc\u00e9rit\u00e9, de pr\u00e9sence r\u00e9ceptive et questionnante, intense, recueillie m\u00eame, parfois \u00e9chard\u00e9e d\u2019un vertige de pari ou aiguillonn\u00e9e d\u2019humour, <em>\u00ab\u00a0Allant vers\u00a0\u00bb<\/em> (on aura reconnu le d\u00e9but du titre de son pr\u00e9c\u00e9dent, superbe livre de po\u00e9sie) la part de non-leurre, le petit peu \u00e0 l\u2019\u00e9preuve des m\u00e9langes, la fine pointe qualitative, le presque rien pr\u00e9cieux, infime \u00e9parpill\u00e9 ou ondoiement furtif, tremblant, comme fragile, friable, palpitant autour de la po\u00e8te et en elle, ineffable mais d\u00e9celable, approchable, intimement v\u00e9cu et transmis par la gr\u00e2ce des mots et silences mutuellement accord\u00e9s&#8230; l\u2019or des saisons soi-m\u00eame, poussi\u00e8re, paillettes et p\u00e9pites de toutes les saisons et aspects d\u2019une voie de par le monde. Et au moins autant, \u00e0 travers ces scintillements, veine mise au jour d\u2019un pur talent confirm\u00e9 de haut carat incontestable.<\/span><\/p>\n<p><span style=\"font-family: verdana, geneva, sans-serif; font-size: 12pt;\">Si l\u2019interpr\u00e9tation sous l\u2019angle du d\u00e9sir po\u00e9tique n\u2019en exclut pas d\u2019autres \u00e9ventuelles, la lecture et relecture attentive de ces pages immersives et souvent bouleversantes convainc de sa validit\u00e9. Les citations qui suivent par exemple, quelques-unes parmi tant d\u2019autres possibles, pr\u00e9sentent plus que l\u2019apparence d\u2019une justification. Mais qu\u2019elles servent avant tout, comme les pr\u00e9c\u00e9dentes, la v\u00e9rit\u00e9 d\u2019une \u0153uvre magnifique. Qu\u2019elles invitent \u00e0 y entrer.\u00a0\u00a0<\/span><\/p>\n<p><span style=\"font-family: verdana, geneva, sans-serif; font-size: 12pt;\"><em>j\u2019ai jou\u00e9 ce qui reste \/ j\u2019ai gagn\u00e9 ce qui vient \/ le vent charrie du ciel, les oiseaux des rivi\u00e8res \/ ma vie, un allant vers <\/em>(La vie en crue, p. 40)<\/span><\/p>\n<p><span style=\"font-family: verdana, geneva, sans-serif; font-size: 12pt;\"><em>Existe-t-il une pause dans le temps \/ Dans l\u2019espace\u00a0? \/ Se dire je souffle un peu \/\u00a0&#8230; \/ un non-lieu \/ en fin \/ au large de toutes les nuits\u00a0?<\/em> (Non-lieu, p.46)<\/span><\/p>\n<p><span style=\"font-family: verdana, geneva, sans-serif; font-size: 12pt;\"><em>Du bonheur plein le regard \/ Juste ce regard-l\u00e0 \/ sans se retourner<\/em> (Aube, p.51)<\/span><\/p>\n<p><span style=\"font-family: verdana, geneva, sans-serif; font-size: 12pt;\"><em>J\u2019\u00e9changerais tous les oublis \/ pour une seule parcelle de mon trajet inachev\u00e9 \/ infini \/ Soif de vivre \/ une vie \u00e0 tous les vents (Soif, p.54)<\/em><\/span><\/p>\n<p><span style=\"font-family: verdana, geneva, sans-serif; font-size: 12pt;\"><em>\u00a0<\/em><\/span><\/p>\n<p><span style=\"font-family: verdana, geneva, sans-serif; font-size: 12pt;\"><em>Le bec d\u2019une tourterelle \/ un brin occup\u00e9<\/em>&#8230;(Printemps, p. 55)<\/span><\/p>\n<p><span style=\"font-family: verdana, geneva, sans-serif; font-size: 12pt;\"><em>Je m\u2019approprie le soir bois\u00e9 \/ \u2013 la part rauque des chevreuils\u2013 \/ et j\u2019ai la clef de la rivi\u00e8re<\/em> (<em>Ici, <\/em>p.73)<\/span><\/p>\n<p><span style=\"font-family: verdana, geneva, sans-serif; font-size: 12pt;\"><em>\u00c0 vrai dire je ne sais que faire \/ de ces vers cueillis dans l\u2019\u00e9t\u00e9 \/ tels des bribes de songe \/&#8230; \/ Seulement un po\u00e8me \/ dans le sens des aiguilles \/ \u00e0 d\u00e9tricoter le temps<\/em> (Champ\u00eatre, p.76)<\/span><\/p>\n<p><span style=\"font-family: verdana, geneva, sans-serif; font-size: 12pt;\"><em>Et dans le torrent, le soleil \/ rush d\u2019\u00e9tinclles \u00e0 flot bouillon \/ &#8230; \/ Ce peu de loin \/ entre <\/em>les mailles (Ce peu de loin, p.78)<\/span><\/p>\n<p><span style=\"font-family: verdana, geneva, sans-serif; font-size: 12pt;\"><em>Ce silence est-il truqu\u00e9\u00a0? \/ &#8230; \/ Je peux aimer longtemps ainsi \/ attendre \/ que le ciel s\u2019averse<\/em> (Et cette nuit\u00a0? p.99)<\/span><\/p>\n<p><span style=\"font-family: verdana, geneva, sans-serif; font-size: 12pt;\"><em>Cascadent les chants d\u2019eau \/ des ruisseaux qui assaillent chaque porte de la terre \/ Laisser au bord des routes \/ les parapets flanqu\u00e9s de bouquets de m\u00e9moire \/ &#8230; \/ Je suis riche h\u00e9riti\u00e8re de l\u2019aube et de son souffle<\/em> (Remise de peines, p.109)<\/span><\/p>\n<p><span style=\"font-family: verdana, geneva, sans-serif; font-size: 12pt;\"><em>Faire ce que je dois\u00a0: \/ &#8230; \/ Laisser filer les rives \/ la rivi\u00e8re \/ les passeurs de<\/em> com\u00e8tes (Ce tout po\u00e8me, p.113)<\/span><\/p>\n<p><span style=\"font-family: verdana, geneva, sans-serif; font-size: 12pt;\"><em>Qu\u2019importe si le vent ressasse la lumi\u00e8re \/ c\u2019\u00e9tait vivement vivre \/ vivement vivre<\/em> <em>loin<\/em> (Ce livre, la vie, p.128)<\/span><\/p>\n<p><span style=\"font-family: verdana, geneva, sans-serif; font-size: 12pt;\">Voici enfin un po\u00e8me (p.126) retranscrit en entier. Qu\u2019on y trouve, condens\u00e9s, le don de simplicit\u00e9 magique et la fa\u00e7on d\u2019\u00eatre si attachante, humaine parmi les humains, de la po\u00e8te \u2013 autant dire, son exemplarit\u00e9.<\/span><\/p>\n<p><span style=\"font-family: verdana, geneva, sans-serif; font-size: 12pt;\"><em>\u00a0\u00a0\u00a0\u00a0\u00a0\u00a0\u00a0\u00a0\u00a0\u00a0\u00a0\u00a0\u00a0 Laisse dire<\/em><\/span><\/p>\n<p><span style=\"font-family: verdana, geneva, sans-serif; font-size: 12pt;\"><em>\u00a0<\/em><\/span><\/p>\n<p><span style=\"font-family: verdana, geneva, sans-serif; font-size: 12pt;\"><em>\u00a0\u00a0\u00a0\u00a0\u00a0\u00a0\u00a0\u00a0\u00a0\u00a0\u00a0\u00a0\u00a0\u00a0\u00a0\u00a0\u00a0\u00a0\u00a0\u00a0\u00a0\u00a0\u00a0\u00a0\u00a0\u00a0\u00a0\u00a0\u00a0\u00a0\u00a0\u00a0\u00a0\u00a0\u00a0\u00a0\u00a0\u00a0\u00a0\u00a0\u00a0\u00a0\u00a0\u00a0\u00a0\u00a0 On m\u2019a dit c\u2019est bleu<\/em><\/span><\/p>\n<p><span style=\"font-family: verdana, geneva, sans-serif; font-size: 12pt;\"><em>\u00a0\u00a0\u00a0\u00a0\u00a0\u00a0\u00a0\u00a0\u00a0\u00a0\u00a0\u00a0\u00a0\u00a0\u00a0\u00a0\u00a0\u00a0\u00a0\u00a0\u00a0\u00a0\u00a0\u00a0\u00a0\u00a0\u00a0\u00a0\u00a0\u00a0\u00a0\u00a0 \u00a0\u00a0\u00a0\u00a0\u00a0\u00a0\u00a0\u00a0\u00a0\u00a0\u00a0\u00a0\u00a0 ce que tu \u00e9cris<\/em><\/span><\/p>\n<p><span style=\"font-family: verdana, geneva, sans-serif; font-size: 12pt;\"><em>\u00a0\u00a0\u00a0\u00a0\u00a0\u00a0\u00a0\u00a0\u00a0\u00a0\u00a0\u00a0\u00a0\u00a0\u00a0\u00a0\u00a0\u00a0\u00a0\u00a0\u00a0\u00a0\u00a0\u00a0\u00a0\u00a0\u00a0\u00a0\u00a0\u00a0\u00a0\u00a0\u00a0\u00a0\u00a0\u00a0\u00a0\u00a0\u00a0\u00a0\u00a0\u00a0\u00a0\u00a0\u00a0\u00a0 On m\u2019a dit mais <\/em><\/span><\/p>\n<p><span style=\"font-family: verdana, geneva, sans-serif; font-size: 12pt;\"><em>\u00a0\u00a0\u00a0\u00a0\u00a0\u00a0\u00a0\u00a0\u00a0\u00a0\u00a0\u00a0\u00a0\u00a0\u00a0\u00a0\u00a0\u00a0\u00a0\u00a0\u00a0\u00a0\u00a0\u00a0\u00a0\u00a0\u00a0\u00a0\u00a0\u00a0\u00a0\u00a0\u00a0\u00a0\u00a0\u00a0\u00a0\u00a0\u00a0\u00a0\u00a0\u00a0\u00a0\u00a0\u00a0\u00a0 c\u2019est bleu nuit<\/em><\/span><\/p>\n<p><span style=\"font-family: verdana, geneva, sans-serif; font-size: 12pt;\"><em>\u00a0\u00a0\u00a0\u00a0\u00a0\u00a0\u00a0\u00a0\u00a0\u00a0\u00a0\u00a0\u00a0\u00a0\u00a0\u00a0\u00a0\u00a0\u00a0\u00a0\u00a0\u00a0\u00a0\u00a0\u00a0\u00a0\u00a0\u00a0\u00a0\u00a0\u00a0\u00a0\u00a0\u00a0\u00a0\u00a0\u00a0\u00a0\u00a0\u00a0\u00a0\u00a0\u00a0\u00a0\u00a0\u00a0 Alors aujourd\u2019hui<\/em><\/span><\/p>\n<p><span style=\"font-family: verdana, geneva, sans-serif; font-size: 12pt;\"><em>\u00a0\u00a0\u00a0\u00a0\u00a0\u00a0\u00a0\u00a0\u00a0\u00a0\u00a0\u00a0\u00a0\u00a0\u00a0\u00a0\u00a0\u00a0\u00a0\u00a0\u00a0\u00a0\u00a0\u00a0\u00a0\u00a0\u00a0\u00a0\u00a0\u00a0\u00a0\u00a0\u00a0\u00a0\u00a0\u00a0\u00a0\u00a0\u00a0\u00a0\u00a0\u00a0\u00a0\u00a0\u00a0\u00a0 je n\u2019ai prononc\u00e9 que des oiseaux<\/em><\/span><\/p>\n<p><span style=\"font-family: verdana, geneva, sans-serif; font-size: 12pt;\"><em>\u00a0\u00a0\u00a0\u00a0\u00a0\u00a0\u00a0\u00a0\u00a0\u00a0\u00a0\u00a0\u00a0\u00a0\u00a0\u00a0\u00a0\u00a0\u00a0\u00a0\u00a0\u00a0\u00a0\u00a0\u00a0\u00a0\u00a0\u00a0\u00a0\u00a0\u00a0\u00a0\u00a0\u00a0\u00a0\u00a0\u00a0\u00a0\u00a0\u00a0\u00a0\u00a0\u00a0\u00a0\u00a0\u00a0 Ils battent de leur aile<\/em><\/span><\/p>\n<p><span style=\"font-family: verdana, geneva, sans-serif; font-size: 12pt;\"><em>\u00a0\u00a0\u00a0\u00a0\u00a0\u00a0\u00a0\u00a0\u00a0\u00a0\u00a0\u00a0\u00a0\u00a0\u00a0\u00a0\u00a0\u00a0\u00a0\u00a0\u00a0\u00a0\u00a0\u00a0\u00a0\u00a0\u00a0\u00a0\u00a0\u00a0\u00a0\u00a0\u00a0\u00a0\u00a0\u00a0\u00a0\u00a0\u00a0\u00a0\u00a0\u00a0\u00a0\u00a0\u00a0\u00a0 le parvis des jours <\/em><\/span><\/p>\n<p><span style=\"font-family: verdana, geneva, sans-serif; font-size: 12pt;\">&#8230;\u00c0 pr\u00e9sent le livre est repos\u00e9. Le regard le quitte.<\/span><\/p>\n<p><span style=\"font-family: verdana, geneva, sans-serif; font-size: 12pt;\">En de\u00e7\u00e0 du regard, cette sensation, claire comme une certitude, que l\u2019<em>or saisons <\/em>fait mieux que d\u2019habiter les pages.<\/span><\/p>\n<p><span style=\"font-family: verdana, geneva, sans-serif; font-size: 12pt;\">Il y germe.<\/span><\/p>\n<p><span style=\"font-family: verdana, geneva, sans-serif; font-size: 12pt;\">Cl\u00e9ment G. Second<\/span><\/p>\n<p><span style=\"font-family: verdana, geneva, sans-serif; font-size: 12pt;\">septembre 2018<\/span><\/p>\n<p>[\/et_pb_text][et_pb_post_nav admin_label=\u00a0\u00bbNavigation dans les posts\u00a0\u00bb in_same_term=\u00a0\u00bboff\u00a0\u00bb hide_prev=\u00a0\u00bboff\u00a0\u00bb hide_next=\u00a0\u00bboff\u00a0\u00bb use_border_color=\u00a0\u00bboff\u00a0\u00bb border_color=\u00a0\u00bb#ffffff\u00a0\u00bb border_style=\u00a0\u00bbsolid\u00a0\u00bb] [\/et_pb_post_nav][\/et_pb_column][\/et_pb_row][\/et_pb_section]<\/p>\n","protected":false},"excerpt":{"rendered":"<p>Une Orpailleuse de finitudes \u00a0 L\u2019or saisons \u00a0 de Colette Daviles-Estin\u00e8s illustr\u00e9e par Philippe Croq (\u00c9d. Tipaza, 2018) Qui, avant de le tenir enfin entre ses mains puis d\u2019y engager ses regards,\u00a0ne le connaissant pas encore mais l\u2019ayant un peu devin\u00e9 par assiduit\u00e9 aux Volets ou vers, le riche blog accueillant de la po\u00e8te, et [&hellip;]<\/p>\n","protected":false},"author":1,"featured_media":0,"comment_status":"open","ping_status":"open","sticky":false,"template":"","format":"standard","meta":{"_et_pb_use_builder":"on","_et_pb_old_content":"<p><span style=\"font-family: verdana, geneva, sans-serif; font-size: 14pt;\"><img class=\"alignnone size-full wp-image-3080\" src=\"http:\/\/voletsouvers.ovh\/wp-content\/uploads\/2018\/08\/Couv-Lor-saisons.jpg\" alt=\"Couv L'or saisons\" width=\"900\" height=\"712\" \/><br \/> Une Orpailleuse de finitudes<\/span><\/p><p><span style=\"font-family: verdana, geneva, sans-serif; font-size: 12pt;\"><strong>\u00a0<\/strong><\/span><\/p><p><span style=\"font-family: verdana, geneva, sans-serif; font-size: 12pt;\"><strong>L\u2019or saisons<\/strong><\/span><\/p><p><span style=\"font-family: verdana, geneva, sans-serif; font-size: 12pt;\"><strong>\u00a0<\/strong><\/span><\/p><p><span style=\"font-family: verdana, geneva, sans-serif; font-size: 12pt;\"><strong>de Colette Daviles-Estin\u00e8s<\/strong><\/span><\/p><p><span style=\"font-family: verdana, geneva, sans-serif; font-size: 12pt;\"><strong>illustr\u00e9e par Philippe Croq<\/strong><\/span><\/p><p><span style=\"font-family: verdana, geneva, sans-serif; font-size: 12pt;\">(\u00c9d. Tipaza, 2018)<\/span><\/p><p><span style=\"font-family: verdana, geneva, sans-serif; font-size: 12pt;\">Qui, avant de le tenir enfin entre ses mains puis d\u2019y engager ses regards,\u00a0ne le connaissant pas encore mais l\u2019ayant un peu devin\u00e9 par assiduit\u00e9 aux <em>Volets ou<\/em> <em>vers<\/em>, le riche blog accueillant de la po\u00e8te, et aux revues, au chaleureux <em>Lichen<\/em> d\u2019\u00c9lis\u00e9e Bec en particulier \u2013 qui donc ne s\u2019ennuyait souvent, impatiemment, de <em>L\u2019or saisons<\/em>\u00a0?<\/span><\/p><p><span style=\"font-family: verdana, geneva, sans-serif; font-size: 12pt;\">Dans cet ouvrage aux pages v\u00e9g\u00e9tales, branches-feuilles souples accol\u00e9es au tronc du dos, les po\u00e8mes de Colette Daviles-Estin\u00e8s fascinent par une constance beaut\u00e9 diffract\u00e9e en inflexions menant tr\u00e8s loin, et l\u2019art de Philippe Lecoq intercale des peintures polys\u00e9miques comme autant de superbes jalons et relais complices.<\/span><\/p><p><span style=\"font-family: verdana, geneva, sans-serif; font-size: 12pt;\">Sa d\u00e9couverte, lexique et picturale, procure <strong>un multiple plaisir, un enchantement<\/strong>. \u00c9trang\u00e8re au virtuose, au p\u00e9remptoire, au savant, mais au contraire amie des pr\u00e9sences et signes, les apprivoisant, les creusant, s\u2019y apprivoisant aussi, proposant en partage tout un cheminement parmi eux, la parole inspir\u00e9e de Colette Daviles-Estin\u00e8s suscite ce rare bonheur.<\/span><\/p><p><span style=\"font-family: verdana, geneva, sans-serif; font-size: 12pt;\">Parole travers\u00e9e, et du lent, nuanc\u00e9 tournoiement des saisons rendu par un paysagisme li\u00e9 \u00e0 l\u2019int\u00e9riorit\u00e9, et de saisies instantan\u00e9es touchant parfois \u00e0 la captation pure, et d\u2019une <em>vivance<\/em> (selon le mot de la po\u00e8te) \u00e9volutive \u00e0 m\u00eame le truchement vari\u00e9, complexe, du monde, non abstraite de lui. Parole-tentative et parole-d\u00e9couverte, \u00e0 la fois tr\u00e8s vibrante, chatoyante et d\u2019un trac\u00e9 si s\u00fbr, comme n\u00e9cessaire, avec ce quelque chose de parfait d\u2019un geste calligraphe. On devine par quelles mailles fines, quelle exigence personnelle sans pr\u00e9judice du naturel, de la fantaisie m\u00eame, quel d\u00fb \u00e0 la Langue aussi, d\u2019abord et toujours, l\u2019attention \u00e0 l\u2019alentour et \u00e0 soi de Colette Daviles-Estin\u00e8s infuse, passe et passe, se tamise jusqu\u2019\u00e0 l\u2019obtention d\u2019un parachev\u00e9 \u2013 sans pr\u00e9tention, \u00e0 l\u2019instar de l\u2019absence de majuscule \u00e0 l\u2019or du titre.<\/span><\/p><p><span style=\"font-family: verdana, geneva, sans-serif; font-size: 12pt;\">Les citations se bousculent\u00a0; en voici plusieurs dont on identifiera ou devinera les liens avec les traits ci-dessus d\u00e9gag\u00e9s (pardon pour les po\u00e8mes ainsi morcel\u00e9s, mais ces passages devraient donner envie de les lire...).<\/span><\/p><p><span style=\"font-family: verdana, geneva, sans-serif; font-size: 12pt;\"><em>Accrocher un verbe bleu aux phrases du vent <\/em>(Arrimer en pays d\u2019automne, p.19)<\/span><\/p><p><span style=\"font-family: verdana, geneva, sans-serif; font-size: 12pt;\"><em>Le souvenir est neuf, je l\u2019ai puis\u00e9 demain<\/em> (Le courant des rivi\u00e8res, p.23)<\/span><\/p><p><span style=\"font-family: verdana, geneva, sans-serif; font-size: 12pt;\"><em>Jeter \u00e0 la mer \/ l\u2019amer des choses<\/em> (Avec des si, p.25)<\/span><\/p><p><span style=\"font-family: verdana, geneva, sans-serif; font-size: 12pt;\"><em>Je passe \u00e0 gu\u00e9 ma solitude \/ Le ciel se propage<\/em> (\u00c9ternit\u00e9, p.29)<\/span><\/p><p><span style=\"font-family: verdana, geneva, sans-serif; font-size: 12pt;\"><em>Prendre le pouls de l\u2019hiver \/ Aux poignets nus des arbres<\/em> (<em>Un hiver au soleil<\/em>, in Alb\u00e2tre, p.48)<\/span><\/p><p><span style=\"font-family: verdana, geneva, sans-serif; font-size: 12pt;\"><em>C\u2019est \u00e0 se prendre les pieds dans la lumi\u00e8re<\/em> (<em>Le temps se l\u00e8ve<\/em>, in Alb\u00e2tre, p.48)<\/span><\/p><p><span style=\"font-family: verdana, geneva, sans-serif; font-size: 12pt;\"><em>Frotter les mots \u2013 t\u00eatue \u2013 \/ aux tessons de la nuit \/ User beaucoup de silence (T\u00eatue, <\/em>in Nocturnes, p.<em> 60)<\/em><\/span><\/p><p><span style=\"font-family: verdana, geneva, sans-serif; font-size: 12pt;\"><em>C\u2019est plein de vivance dans ma vie<\/em> (La vivance, p.74)<\/span><\/p><p><span style=\"font-family: verdana, geneva, sans-serif; font-size: 12pt;\"><em>C\u2019est du silence qui traverse \/ noir velours \/ une pipistrelle<\/em> (Pipistrelle, p.89)<\/span><\/p><p><span style=\"font-family: verdana, geneva, sans-serif; font-size: 12pt;\"><em>Une mouche fouille la chair de l\u2019air \/ elle vibre et s\u2019agace \/ au carreau bleu du jour<\/em> (Chaleur, p.90)<\/span><\/p><p><span style=\"font-family: verdana, geneva, sans-serif; font-size: 12pt;\"><em>Jour bleu torride \/ compact \/ Fa\u00e7ade de ciel lisse \/ Aucune prise sur les mots \/ et j\u2019\u00e9cris que \/ je<\/em> <em>n\u2019\u00e9cris pas \/ Soudain l\u2019invisible d\u00e9chirure \/ d\u2019un avion \u00e0 r\u00e9action \/ ... \/ Aucune trace<\/em> <em>pourtant <\/em> (Bleu, p.93)<\/span><\/p><p><span style=\"font-family: verdana, geneva, sans-serif; font-size: 12pt;\"><em>\u00c9crire, et pourquoi non\u00a0? \/ ... \/ Pourquoi non, le chiendent\u00a0? \/ Et m\u00eame l\u2019ombre, oui <\/em>\/ <em>m\u00eame l\u2019ombre rayonne, v\u00e9n\u00e9neuse \/<\/em> <em>\u00e9panouie<\/em> (Et pourquoi non\u00a0? p.114)<\/span><\/p><p><span style=\"font-family: verdana, geneva, sans-serif; font-size: 12pt;\"><em>Justement \/ il y avait comme une bu\u00e9e \/ sur les carreaux que je n\u2019avais<\/em> pas [Vers \u00e0 travers verres (correcteurs), p. 121]<\/span><\/p><p><span style=\"font-family: verdana, geneva, sans-serif; font-size: 12pt;\">... Mais L\u2019or saisons offre davantage \u00e0 qui le d\u00e9couvre. Le recueil acc\u00e8de \u00e0 la pl\u00e9nitude de cette premi\u00e8re identit\u00e9 par la gr\u00e2ce d\u2019un mouvement foncier de <strong>d\u00e9sir po\u00e9tique<\/strong> qui de bout en bout le m\u00e8ne.<\/span><\/p><p><span style=\"font-family: verdana, geneva, sans-serif; font-size: 12pt;\">Au nombre des entr\u00e9es plausibles dans le c\u0153ur de l\u2019ensemble, celle-ci en particulier appara\u00eet porteuse de pertinence. Il s\u2019agit d\u2019un d\u00e9sir incluant le courage d\u2019\u00eatre et de <em>faire<\/em> (selon l\u2019\u00e9tymologie du mot po\u00e9sie) quelles que soient les variations int\u00e9rieures\u00a0; d\u2019assumer la Parole et ses valences, ses gratifications, les douleurs qu\u2019elle met au jour, ses possibles dangers, ses ravissants inattendus. D\u2019un po\u00e8me \u00e0 l\u2019autre, l\u2019audace du dire est un enjeu que gagne la loyaut\u00e9 ferme avec soi, le r\u00e9el et la langue. Il y va de la m\u00e9tabolisation en substance de partage des ressentis qui visitant la po\u00e8te la touchent, la mobilisent. Une \u00e9nergie, volont\u00e9 et amour de la vie confondues, la pousse \u00e0 embrasser toutes choses \u00e9prouv\u00e9es \u2013 dans un \u00e9lan toutefois indemne d\u2019illusion.<\/span><\/p><p><span style=\"font-family: verdana, geneva, sans-serif; font-size: 12pt;\">Car Colette Daviles-Estin\u00e8s n\u2019est pas dupe des limites du chemin, des donn\u00e9es fuyantes ou adverses de l\u2019existence\u00a0: en un mot-clef, d\u2019aucune <em>finitude<\/em>. Si par exemple m\u00e9lancolie, solitude, nostalgie, sentiment de vanit\u00e9 ou d\u2019insuffisance n\u2019ont pas le dernier mot de ses pages, elles les visitent, que ce soit en sourdine ou par \u00e9lancements, concurremment aux inclinations heureuses, confiances, sourires, rencontres du beau, d\u00e9clinaisons du sens. Comment en serait-il autrement dans une <em>vivance <\/em>authentique d\u00e9nu\u00e9e d\u2019auto-bercement\u00a0? D\u00e8s lors, que faire dans l\u2019\u00e9mouvant <em>ici<\/em> de vivre, marqu\u00e9 d\u2019une fa\u00e7on ou d\u2019une autre, m\u00eame partiellement, par la carence ontologique\u00a0? Combien, \u00e0 la place de la po\u00e8te, verseraient dans le ressentiment ou la plainte, ou encore le d\u00e9sabusement esth\u00e9tisant, etc. Le cap tenu par elle n\u2019a rien \u00e0 voir avec de telles compensations. Son cours est qu\u00eate d\u2019un <em>lointain de profondeur<\/em>, qu\u00eate toute de sinc\u00e9rit\u00e9, de pr\u00e9sence r\u00e9ceptive et questionnante, intense, recueillie m\u00eame, parfois \u00e9chard\u00e9e d\u2019un vertige de pari ou aiguillonn\u00e9e d\u2019humour, <em>\u00ab\u00a0Allant vers\u00a0\u00bb<\/em> (on aura reconnu le d\u00e9but du titre de son pr\u00e9c\u00e9dent, superbe livre de po\u00e9sie) la part de non-leurre, le petit peu \u00e0 l\u2019\u00e9preuve des m\u00e9langes, la fine pointe qualitative, le presque rien pr\u00e9cieux, infime \u00e9parpill\u00e9 ou ondoiement furtif, tremblant, comme fragile, friable, palpitant autour de la po\u00e8te et en elle, ineffable mais d\u00e9celable, approchable, intimement v\u00e9cu et transmis par la gr\u00e2ce des mots et silences mutuellement accord\u00e9s... l\u2019or des saisons soi-m\u00eame, poussi\u00e8re, paillettes et p\u00e9pites de toutes les saisons et aspects d\u2019une voie de par le monde. Et au moins autant, \u00e0 travers ces scintillements, veine mise au jour d\u2019un pur talent confirm\u00e9 de haut carat incontestable.<\/span><\/p><p><span style=\"font-family: verdana, geneva, sans-serif; font-size: 12pt;\">Si l\u2019interpr\u00e9tation sous l\u2019angle du d\u00e9sir po\u00e9tique n\u2019en exclut pas d\u2019autres \u00e9ventuelles, la lecture et relecture attentive de ces pages immersives et souvent bouleversantes convainc de sa validit\u00e9. Les citations qui suivent par exemple, quelques-unes parmi tant d\u2019autres possibles, pr\u00e9sentent plus que l\u2019apparence d\u2019une justification. Mais qu\u2019elles servent avant tout, comme les pr\u00e9c\u00e9dentes, la v\u00e9rit\u00e9 d\u2019une \u0153uvre magnifique. Qu\u2019elles invitent \u00e0 y entrer.\u00a0\u00a0<\/span><\/p><p><span style=\"font-family: verdana, geneva, sans-serif; font-size: 12pt;\"><em>j\u2019ai jou\u00e9 ce qui reste \/ j\u2019ai gagn\u00e9 ce qui vient \/ le vent charrie du ciel, les oiseaux des rivi\u00e8res \/ ma vie, un allant vers <\/em>(La vie en crue, p. 40)<\/span><\/p><p><span style=\"font-family: verdana, geneva, sans-serif; font-size: 12pt;\"><em>Existe-t-il une pause dans le temps \/ Dans l\u2019espace\u00a0? \/ Se dire je souffle un peu \/\u00a0... \/ un non-lieu \/ en fin \/ au large de toutes les nuits\u00a0?<\/em> (Non-lieu, p.46)<\/span><\/p><p><span style=\"font-family: verdana, geneva, sans-serif; font-size: 12pt;\"><em>Du bonheur plein le regard \/ Juste ce regard-l\u00e0 \/ sans se retourner<\/em> (Aube, p.51)<\/span><\/p><p><span style=\"font-family: verdana, geneva, sans-serif; font-size: 12pt;\"><em>J\u2019\u00e9changerais tous les oublis \/ pour une seule parcelle de mon trajet inachev\u00e9 \/ infini \/ Soif de vivre \/ une vie \u00e0 tous les vents (Soif, p.54)<\/em><\/span><\/p><p><span style=\"font-family: verdana, geneva, sans-serif; font-size: 12pt;\"><em>\u00a0<\/em><\/span><\/p><p><span style=\"font-family: verdana, geneva, sans-serif; font-size: 12pt;\"><em>Le bec d\u2019une tourterelle \/ un brin occup\u00e9<\/em>...(Printemps, p. 55)<\/span><\/p><p><span style=\"font-family: verdana, geneva, sans-serif; font-size: 12pt;\"><em>Je m\u2019approprie le soir bois\u00e9 \/ \u2013 la part rauque des chevreuils\u2013 \/ et j\u2019ai la clef de la rivi\u00e8re<\/em> (<em>Ici, <\/em>p.73)<\/span><\/p><p><span style=\"font-family: verdana, geneva, sans-serif; font-size: 12pt;\"><em>\u00c0 vrai dire je ne sais que faire \/ de ces vers cueillis dans l\u2019\u00e9t\u00e9 \/ tels des bribes de songe \/... \/ Seulement un po\u00e8me \/ dans le sens des aiguilles \/ \u00e0 d\u00e9tricoter le temps<\/em> (Champ\u00eatre, p.76)<\/span><\/p><p><span style=\"font-family: verdana, geneva, sans-serif; font-size: 12pt;\"><em>Et dans le torrent, le soleil \/ rush d\u2019\u00e9tinclles \u00e0 flot bouillon \/ ... \/ Ce peu de loin \/ entre <\/em>les mailles (Ce peu de loin, p.78)<\/span><\/p><p><span style=\"font-family: verdana, geneva, sans-serif; font-size: 12pt;\"><em>Ce silence est-il truqu\u00e9\u00a0? \/ ... \/ Je peux aimer longtemps ainsi \/ attendre \/ que le ciel s\u2019averse<\/em> (Et cette nuit\u00a0? p.99)<\/span><\/p><p><span style=\"font-family: verdana, geneva, sans-serif; font-size: 12pt;\"><em>Cascadent les chants d\u2019eau \/ des ruisseaux qui assaillent chaque porte de la terre \/ Laisser au bord des routes \/ les parapets flanqu\u00e9s de bouquets de m\u00e9moire \/ ... \/ Je suis riche h\u00e9riti\u00e8re de l\u2019aube et de son souffle<\/em> (Remise de peines, p.109)<\/span><\/p><p><span style=\"font-family: verdana, geneva, sans-serif; font-size: 12pt;\"><em>Faire ce que je dois\u00a0: \/ ... \/ Laisser filer les rives \/ la rivi\u00e8re \/ les passeurs de<\/em> com\u00e8tes (Ce tout po\u00e8me, p.113)<\/span><\/p><p><span style=\"font-family: verdana, geneva, sans-serif; font-size: 12pt;\"><em>Qu\u2019importe si le vent ressasse la lumi\u00e8re \/ c\u2019\u00e9tait vivement vivre \/ vivement vivre<\/em> <em>loin<\/em> (Ce livre, la vie, p.128)<\/span><\/p><p><span style=\"font-family: verdana, geneva, sans-serif; font-size: 12pt;\">Voici enfin un po\u00e8me (p.126) retranscrit en entier. Qu\u2019on y trouve, condens\u00e9s, le don de simplicit\u00e9 magique et la fa\u00e7on d\u2019\u00eatre si attachante, humaine parmi les humains, de la po\u00e8te \u2013 autant dire, son exemplarit\u00e9.<\/span><\/p><p><span style=\"font-family: verdana, geneva, sans-serif; font-size: 12pt;\"><em>\u00a0\u00a0\u00a0\u00a0\u00a0\u00a0\u00a0\u00a0\u00a0\u00a0\u00a0\u00a0\u00a0 Laisse dire<\/em><\/span><\/p><p><span style=\"font-family: verdana, geneva, sans-serif; font-size: 12pt;\"><em>\u00a0<\/em><\/span><\/p><p><span style=\"font-family: verdana, geneva, sans-serif; font-size: 12pt;\"><em>\u00a0\u00a0\u00a0\u00a0\u00a0\u00a0\u00a0\u00a0\u00a0\u00a0\u00a0\u00a0\u00a0\u00a0\u00a0\u00a0\u00a0\u00a0\u00a0\u00a0\u00a0\u00a0\u00a0\u00a0\u00a0\u00a0\u00a0\u00a0\u00a0\u00a0\u00a0\u00a0\u00a0\u00a0\u00a0\u00a0\u00a0\u00a0\u00a0\u00a0\u00a0\u00a0\u00a0\u00a0\u00a0\u00a0 On m\u2019a dit c\u2019est bleu<\/em><\/span><\/p><p><span style=\"font-family: verdana, geneva, sans-serif; font-size: 12pt;\"><em>\u00a0\u00a0\u00a0\u00a0\u00a0\u00a0\u00a0\u00a0\u00a0\u00a0\u00a0\u00a0\u00a0\u00a0\u00a0\u00a0\u00a0\u00a0\u00a0\u00a0\u00a0\u00a0\u00a0\u00a0\u00a0\u00a0\u00a0\u00a0\u00a0\u00a0\u00a0\u00a0 \u00a0\u00a0\u00a0\u00a0\u00a0\u00a0\u00a0\u00a0\u00a0\u00a0\u00a0\u00a0\u00a0 ce que tu \u00e9cris<\/em><\/span><\/p><p><span style=\"font-family: verdana, geneva, sans-serif; font-size: 12pt;\"><em>\u00a0\u00a0\u00a0\u00a0\u00a0\u00a0\u00a0\u00a0\u00a0\u00a0\u00a0\u00a0\u00a0\u00a0\u00a0\u00a0\u00a0\u00a0\u00a0\u00a0\u00a0\u00a0\u00a0\u00a0\u00a0\u00a0\u00a0\u00a0\u00a0\u00a0\u00a0\u00a0\u00a0\u00a0\u00a0\u00a0\u00a0\u00a0\u00a0\u00a0\u00a0\u00a0\u00a0\u00a0\u00a0\u00a0 On m\u2019a dit mais <\/em><\/span><\/p><p><span style=\"font-family: verdana, geneva, sans-serif; font-size: 12pt;\"><em>\u00a0\u00a0\u00a0\u00a0\u00a0\u00a0\u00a0\u00a0\u00a0\u00a0\u00a0\u00a0\u00a0\u00a0\u00a0\u00a0\u00a0\u00a0\u00a0\u00a0\u00a0\u00a0\u00a0\u00a0\u00a0\u00a0\u00a0\u00a0\u00a0\u00a0\u00a0\u00a0\u00a0\u00a0\u00a0\u00a0\u00a0\u00a0\u00a0\u00a0\u00a0\u00a0\u00a0\u00a0\u00a0\u00a0 c\u2019est bleu nuit<\/em><\/span><\/p><p><span style=\"font-family: verdana, geneva, sans-serif; font-size: 12pt;\"><em>\u00a0\u00a0\u00a0\u00a0\u00a0\u00a0\u00a0\u00a0\u00a0\u00a0\u00a0\u00a0\u00a0\u00a0\u00a0\u00a0\u00a0\u00a0\u00a0\u00a0\u00a0\u00a0\u00a0\u00a0\u00a0\u00a0\u00a0\u00a0\u00a0\u00a0\u00a0\u00a0\u00a0\u00a0\u00a0\u00a0\u00a0\u00a0\u00a0\u00a0\u00a0\u00a0\u00a0\u00a0\u00a0\u00a0 Alors aujourd\u2019hui<\/em><\/span><\/p><p><span style=\"font-family: verdana, geneva, sans-serif; font-size: 12pt;\"><em>\u00a0\u00a0\u00a0\u00a0\u00a0\u00a0\u00a0\u00a0\u00a0\u00a0\u00a0\u00a0\u00a0\u00a0\u00a0\u00a0\u00a0\u00a0\u00a0\u00a0\u00a0\u00a0\u00a0\u00a0\u00a0\u00a0\u00a0\u00a0\u00a0\u00a0\u00a0\u00a0\u00a0\u00a0\u00a0\u00a0\u00a0\u00a0\u00a0\u00a0\u00a0\u00a0\u00a0\u00a0\u00a0\u00a0 je n\u2019ai prononc\u00e9 que des oiseaux<\/em><\/span><\/p><p><span style=\"font-family: verdana, geneva, sans-serif; font-size: 12pt;\"><em>\u00a0\u00a0\u00a0\u00a0\u00a0\u00a0\u00a0\u00a0\u00a0\u00a0\u00a0\u00a0\u00a0\u00a0\u00a0\u00a0\u00a0\u00a0\u00a0\u00a0\u00a0\u00a0\u00a0\u00a0\u00a0\u00a0\u00a0\u00a0\u00a0\u00a0\u00a0\u00a0\u00a0\u00a0\u00a0\u00a0\u00a0\u00a0\u00a0\u00a0\u00a0\u00a0\u00a0\u00a0\u00a0\u00a0 Ils battent de leur aile<\/em><\/span><\/p><p><span style=\"font-family: verdana, geneva, sans-serif; font-size: 12pt;\"><em>\u00a0\u00a0\u00a0\u00a0\u00a0\u00a0\u00a0\u00a0\u00a0\u00a0\u00a0\u00a0\u00a0\u00a0\u00a0\u00a0\u00a0\u00a0\u00a0\u00a0\u00a0\u00a0\u00a0\u00a0\u00a0\u00a0\u00a0\u00a0\u00a0\u00a0\u00a0\u00a0\u00a0\u00a0\u00a0\u00a0\u00a0\u00a0\u00a0\u00a0\u00a0\u00a0\u00a0\u00a0\u00a0\u00a0 le parvis des jours <\/em><\/span><\/p><p><span style=\"font-family: verdana, geneva, sans-serif; font-size: 12pt;\">...\u00c0 pr\u00e9sent le livre est repos\u00e9. Le regard le quitte.<\/span><\/p><p><span style=\"font-family: verdana, geneva, sans-serif; font-size: 12pt;\">En de\u00e7\u00e0 du regard, cette sensation, claire comme une certitude, que l\u2019<em>or saisons <\/em>fait mieux que d\u2019habiter les pages.<\/span><\/p><p><span style=\"font-family: verdana, geneva, sans-serif; font-size: 12pt;\">Il y germe.<\/span><\/p><p><span style=\"font-family: verdana, geneva, sans-serif; font-size: 12pt;\">Cl\u00e9ment G. Second<\/span><\/p><p>septembre 2018<\/p>","_et_gb_content_width":"","om_disable_all_campaigns":false,"_exactmetrics_skip_tracking":false,"_exactmetrics_sitenote_active":false,"_exactmetrics_sitenote_note":"","_exactmetrics_sitenote_category":0,"_monsterinsights_skip_tracking":false,"_monsterinsights_sitenote_active":false,"_monsterinsights_sitenote_note":"","_monsterinsights_sitenote_category":0,"footnotes":""},"categories":[26,18,24],"tags":[],"class_list":["post-3120","post","type-post","status-publish","format-standard","hentry","category-a-propos","category-livres-dartiste","category-publications"],"aioseo_notices":[],"_links":{"self":[{"href":"https:\/\/voletsouvers.ovh\/index.php\/wp-json\/wp\/v2\/posts\/3120","targetHints":{"allow":["GET"]}}],"collection":[{"href":"https:\/\/voletsouvers.ovh\/index.php\/wp-json\/wp\/v2\/posts"}],"about":[{"href":"https:\/\/voletsouvers.ovh\/index.php\/wp-json\/wp\/v2\/types\/post"}],"author":[{"embeddable":true,"href":"https:\/\/voletsouvers.ovh\/index.php\/wp-json\/wp\/v2\/users\/1"}],"replies":[{"embeddable":true,"href":"https:\/\/voletsouvers.ovh\/index.php\/wp-json\/wp\/v2\/comments?post=3120"}],"version-history":[{"count":9,"href":"https:\/\/voletsouvers.ovh\/index.php\/wp-json\/wp\/v2\/posts\/3120\/revisions"}],"predecessor-version":[{"id":3130,"href":"https:\/\/voletsouvers.ovh\/index.php\/wp-json\/wp\/v2\/posts\/3120\/revisions\/3130"}],"wp:attachment":[{"href":"https:\/\/voletsouvers.ovh\/index.php\/wp-json\/wp\/v2\/media?parent=3120"}],"wp:term":[{"taxonomy":"category","embeddable":true,"href":"https:\/\/voletsouvers.ovh\/index.php\/wp-json\/wp\/v2\/categories?post=3120"},{"taxonomy":"post_tag","embeddable":true,"href":"https:\/\/voletsouvers.ovh\/index.php\/wp-json\/wp\/v2\/tags?post=3120"}],"curies":[{"name":"wp","href":"https:\/\/api.w.org\/{rel}","templated":true}]}}