{"id":309,"date":"2016-05-03T18:33:05","date_gmt":"2016-05-03T17:33:05","guid":{"rendered":"http:\/\/voletsouvers.ovh\/?p=309"},"modified":"2016-05-06T12:00:58","modified_gmt":"2016-05-06T10:00:58","slug":"effrene","status":"publish","type":"post","link":"https:\/\/voletsouvers.ovh\/index.php\/2016\/05\/03\/effrene\/","title":{"rendered":"Effr\u00e9n\u00e9"},"content":{"rendered":"<p>[et_pb_section admin_label=\u00a0\u00bbsection\u00a0\u00bb][et_pb_row admin_label=\u00a0\u00bbrow\u00a0\u00bb][et_pb_column type=\u00a0\u00bb4_4&Prime;][et_pb_text admin_label=\u00a0\u00bbTexte\u00a0\u00bb]<\/p>\n<div class=\"article_text\">\n<p><span style=\"font-family: verdana,geneva,sans-serif; font-size: 12pt;\">La p\u00e9nombre<\/span><br \/>\n<span style=\"font-family: verdana,geneva,sans-serif; font-size: 12pt;\"> mi jour mi noire<\/span><br \/>\n<span style=\"font-family: verdana,geneva,sans-serif; font-size: 12pt;\"> derri\u00e8re les vitres,<\/span><br \/>\n<span style=\"font-family: verdana,geneva,sans-serif; font-size: 12pt;\"> et ces fronts pos\u00e9s contre, luttant de solitude.<\/span><br \/>\n<span style=\"font-family: verdana,geneva,sans-serif; font-size: 12pt;\"> Les immeubles fragment\u00e9s de lucioles immobiles,<\/span><br \/>\n<span style=\"font-family: verdana,geneva,sans-serif; font-size: 12pt;\"> toutes ces bribes de vie qui d\u00e9filent<\/span><br \/>\n<span style=\"font-family: verdana,geneva,sans-serif; font-size: 12pt;\"> pendant que se fragmentent<\/span><br \/>\n<span style=\"font-family: verdana,geneva,sans-serif; font-size: 12pt;\"> mi rouges mi soir<\/span><br \/>\n<span style=\"font-family: verdana,geneva,sans-serif; font-size: 12pt;\"> nos ombres.<\/span><br \/>\n<span style=\"font-family: verdana,geneva,sans-serif; font-size: 12pt;\"> Je suis ivre du rythme de l&rsquo;instant que j&#8217;emporte,<\/span><br \/>\n<span style=\"font-family: verdana,geneva,sans-serif; font-size: 12pt;\"> parce qu&rsquo;il faudra bien que je le porte en moi<\/span><br \/>\n<span style=\"font-family: verdana,geneva,sans-serif; font-size: 12pt;\"> \u00e0 pr\u00e9sent,<\/span><br \/>\n<span style=\"font-family: verdana,geneva,sans-serif; font-size: 12pt;\"> \u00e0 jamais.<\/span><br \/>\n<span style=\"font-family: verdana,geneva,sans-serif; font-size: 12pt;\"> Mon coeur effr\u00e9n\u00e9 bat plus loin que je ne sauve,<\/span><br \/>\n<span style=\"font-family: verdana,geneva,sans-serif; font-size: 12pt;\"> dans ce train qui m&rsquo;en va plus loin que tu ne crois,<\/span><br \/>\n<span style=\"font-family: verdana,geneva,sans-serif; font-size: 12pt;\"> plus loin que je ne sais.<\/span><\/p>\n<p><span style=\"font-family: verdana,geneva,sans-serif;\">Janvier 2011<\/span><\/p>\n<\/div>\n<p>[\/et_pb_text][et_pb_post_nav admin_label=\u00a0\u00bbNavigation dans les posts\u00a0\u00bb in_same_term=\u00a0\u00bboff\u00a0\u00bb hide_prev=\u00a0\u00bboff\u00a0\u00bb hide_next=\u00a0\u00bboff\u00a0\u00bb use_border_color=\u00a0\u00bboff\u00a0\u00bb border_color=\u00a0\u00bb#ffffff\u00a0\u00bb border_style=\u00a0\u00bbsolid\u00a0\u00bb \/][\/et_pb_column][\/et_pb_row][\/et_pb_section]<\/p>\n","protected":false},"excerpt":{"rendered":"<p>La p\u00e9nombre mi jour mi noire derri\u00e8re les vitres, et ces fronts pos\u00e9s contre, luttant de solitude. Les immeubles fragment\u00e9s de lucioles immobiles, toutes ces bribes de vie qui d\u00e9filent pendant que se fragmentent mi rouges mi soir nos ombres. Je suis ivre du rythme de l&rsquo;instant que j&#8217;emporte, parce qu&rsquo;il faudra bien que je [&hellip;]<\/p>\n","protected":false},"author":1,"featured_media":0,"comment_status":"open","ping_status":"open","sticky":false,"template":"","format":"standard","meta":{"_et_pb_use_builder":"on","_et_pb_old_content":"<div class=\"article_text\"><p><span style=\"font-family: verdana,geneva,sans-serif; font-size: 12pt;\">La p\u00e9nombre<\/span><br \/> <span style=\"font-family: verdana,geneva,sans-serif; font-size: 12pt;\"> mi jour mi noire<\/span><br \/> <span style=\"font-family: verdana,geneva,sans-serif; font-size: 12pt;\"> derri\u00e8re les vitres,<\/span><br \/> <span style=\"font-family: verdana,geneva,sans-serif; font-size: 12pt;\"> et ces fronts pos\u00e9s contre, luttant de solitude.<\/span><br \/> <span style=\"font-family: verdana,geneva,sans-serif; font-size: 12pt;\"> Les immeubles fragment\u00e9s de lucioles immobiles,<\/span><br \/> <span style=\"font-family: verdana,geneva,sans-serif; font-size: 12pt;\"> toutes ces bribes de vie qui d\u00e9filent<\/span><br \/> <span style=\"font-family: verdana,geneva,sans-serif; font-size: 12pt;\"> pendant que se fragmentent<\/span><br \/> <span style=\"font-family: verdana,geneva,sans-serif; font-size: 12pt;\"> mi rouges mi soir<\/span><br \/> <span style=\"font-family: verdana,geneva,sans-serif; font-size: 12pt;\"> nos ombres.<\/span><br \/> <span style=\"font-family: verdana,geneva,sans-serif; font-size: 12pt;\"> Je suis ivre du rythme de l'instant que j'emporte,<\/span><br \/> <span style=\"font-family: verdana,geneva,sans-serif; font-size: 12pt;\"> parce qu'il faudra bien que je le porte en moi<\/span><br \/> <span style=\"font-family: verdana,geneva,sans-serif; font-size: 12pt;\"> \u00e0 pr\u00e9sent,<\/span><br \/> <span style=\"font-family: verdana,geneva,sans-serif; font-size: 12pt;\"> \u00e0 jamais.<\/span><br \/> <span style=\"font-family: verdana,geneva,sans-serif; font-size: 12pt;\"> Mon coeur effr\u00e9n\u00e9 bat plus loin que je ne sauve,<\/span><br \/> <span style=\"font-family: verdana,geneva,sans-serif; font-size: 12pt;\"> dans ce train qui m'en va plus loin que tu ne crois,<\/span><br \/> <span style=\"font-family: verdana,geneva,sans-serif; font-size: 12pt;\"> plus loin que je ne sais.<\/span><\/p><p><span style=\"font-family: verdana,geneva,sans-serif;\">Janvier 2011<\/span><\/p><\/div>","_et_gb_content_width":"","om_disable_all_campaigns":false,"_exactmetrics_skip_tracking":false,"_exactmetrics_sitenote_active":false,"_exactmetrics_sitenote_note":"","_exactmetrics_sitenote_category":0,"_monsterinsights_skip_tracking":false,"_monsterinsights_sitenote_active":false,"_monsterinsights_sitenote_note":"","_monsterinsights_sitenote_category":0,"footnotes":""},"categories":[4],"tags":[],"class_list":["post-309","post","type-post","status-publish","format-standard","hentry","category-deuxieme-volet"],"aioseo_notices":[],"_links":{"self":[{"href":"https:\/\/voletsouvers.ovh\/index.php\/wp-json\/wp\/v2\/posts\/309","targetHints":{"allow":["GET"]}}],"collection":[{"href":"https:\/\/voletsouvers.ovh\/index.php\/wp-json\/wp\/v2\/posts"}],"about":[{"href":"https:\/\/voletsouvers.ovh\/index.php\/wp-json\/wp\/v2\/types\/post"}],"author":[{"embeddable":true,"href":"https:\/\/voletsouvers.ovh\/index.php\/wp-json\/wp\/v2\/users\/1"}],"replies":[{"embeddable":true,"href":"https:\/\/voletsouvers.ovh\/index.php\/wp-json\/wp\/v2\/comments?post=309"}],"version-history":[{"count":3,"href":"https:\/\/voletsouvers.ovh\/index.php\/wp-json\/wp\/v2\/posts\/309\/revisions"}],"predecessor-version":[{"id":590,"href":"https:\/\/voletsouvers.ovh\/index.php\/wp-json\/wp\/v2\/posts\/309\/revisions\/590"}],"wp:attachment":[{"href":"https:\/\/voletsouvers.ovh\/index.php\/wp-json\/wp\/v2\/media?parent=309"}],"wp:term":[{"taxonomy":"category","embeddable":true,"href":"https:\/\/voletsouvers.ovh\/index.php\/wp-json\/wp\/v2\/categories?post=309"},{"taxonomy":"post_tag","embeddable":true,"href":"https:\/\/voletsouvers.ovh\/index.php\/wp-json\/wp\/v2\/tags?post=309"}],"curies":[{"name":"wp","href":"https:\/\/api.w.org\/{rel}","templated":true}]}}