{"id":3071,"date":"2018-08-22T23:58:43","date_gmt":"2018-08-22T21:58:43","guid":{"rendered":"http:\/\/voletsouvers.ovh\/?p=3071"},"modified":"2020-08-26T11:50:20","modified_gmt":"2020-08-26T09:50:20","slug":"makronissos","status":"publish","type":"post","link":"https:\/\/voletsouvers.ovh\/index.php\/2018\/08\/22\/makronissos\/","title":{"rendered":"Makronissos"},"content":{"rendered":"<p>[et_pb_section bb_built=\u00a0\u00bb1&Prime; admin_label=\u00a0\u00bbsection\u00a0\u00bb][et_pb_row admin_label=\u00a0\u00bbrow\u00a0\u00bb background_position=\u00a0\u00bbtop_left\u00a0\u00bb background_repeat=\u00a0\u00bbrepeat\u00a0\u00bb background_size=\u00a0\u00bbinitial\u00a0\u00bb][et_pb_column type=\u00a0\u00bb4_4&Prime;][et_pb_text use_border_color=\u00a0\u00bboff\u00a0\u00bb background_position=\u00a0\u00bbtop_left\u00a0\u00bb background_repeat=\u00a0\u00bbrepeat\u00a0\u00bb background_size=\u00a0\u00bbinitial\u00a0\u00bb _builder_version=\u00a0\u00bb3.19.18&Prime;]<\/p>\n<p><span style=\"font-family: verdana, geneva, sans-serif; font-size: 12pt;\">Makronissos, non <\/span><br \/><span style=\"font-family: verdana, geneva, sans-serif; font-size: 12pt;\">on ne peut pas<\/span><br \/><span style=\"font-family: verdana, geneva, sans-serif; font-size: 12pt;\">voir le bleu du ciel et de la mer <\/span><br \/><span style=\"font-family: verdana, geneva, sans-serif; font-size: 12pt;\">Cette \u00e9chapp\u00e9e de bleu aveugle et cinglant<\/span><br \/><span style=\"font-family: verdana, geneva, sans-serif; font-size: 12pt;\">Les hommes que l&rsquo;on <em>d\u00e9colorise<\/em> <\/span><br \/><span style=\"font-family: verdana, geneva, sans-serif; font-size: 12pt;\">survivent ici en \u00e9crivant<\/span><br \/><span style=\"font-family: verdana, geneva, sans-serif; font-size: 12pt;\">de toutes leurs couleurs d&rsquo;hommes <\/span><br \/><span style=\"font-family: verdana, geneva, sans-serif; font-size: 12pt;\">Au revers de leur nuit<\/span><br \/><span style=\"font-family: verdana, geneva, sans-serif; font-size: 12pt;\">&#8211; noire est la nuit de Makronissos &#8211;<\/span><br \/><span style=\"font-family: verdana, geneva, sans-serif; font-size: 12pt;\">les couleurs de la vie s&rsquo;amoncellent<\/span><br \/><span style=\"font-family: verdana, geneva, sans-serif; font-size: 12pt;\">\u00e9chou\u00e9es sur la gr\u00e8ve<\/span><br \/><span style=\"font-family: verdana, geneva, sans-serif; font-size: 12pt;\">morcel\u00e9es, fragment\u00e9es, bris\u00e9es<\/span><br \/><span style=\"font-family: verdana, geneva, sans-serif; font-size: 12pt;\">Des bris de vers<\/span><br \/><span style=\"font-family: verdana, geneva, sans-serif; font-size: 12pt;\">Traces muettes dans les pierres<\/span><br \/><span style=\"font-family: verdana, geneva, sans-serif; font-size: 12pt;\">Makronissos, le silence <\/span><br \/><span style=\"font-family: verdana, geneva, sans-serif; font-size: 12pt;\">r\u00e9sonne encore longtemps apr\u00e8s<\/span><br \/><span style=\"font-family: verdana, geneva, sans-serif; font-size: 12pt;\">que se soit tue la voix<\/span><br \/><span style=\"font-family: verdana, geneva, sans-serif; font-size: 12pt;\">des hommes qui ne souffrent plus<\/span><br \/><span style=\"font-family: verdana, geneva, sans-serif; font-size: 12pt;\">Makronissos on ne peut pas <\/span><br \/><span style=\"font-family: verdana, geneva, sans-serif; font-size: 12pt;\">non<\/span><br \/><span style=\"font-family: verdana, geneva, sans-serif; font-size: 12pt;\">voir le bleu du ciel et de la mer<\/span><\/p>\n<p>22 ao\u00fbt 2018<\/p>\n<p><em>On dit que dans les camps de Makronissos, <\/em><br \/><em>il y avait tant de po\u00e8tes<\/em><br \/><em>qu&rsquo;on retrouvait des po\u00e8mes <\/em><br \/><em>accroch\u00e9s sur les barbel\u00e9s<\/em><\/p>\n<p>\u00a0<\/p>\n<p>[\/et_pb_text][et_pb_post_nav in_same_term=\u00a0\u00bboff\u00a0\u00bb hide_prev=\u00a0\u00bboff\u00a0\u00bb hide_next=\u00a0\u00bboff\u00a0\u00bb use_border_color=\u00a0\u00bboff\u00a0\u00bb border_color=\u00a0\u00bb#ffffff\u00a0\u00bb border_style=\u00a0\u00bbsolid\u00a0\u00bb show_prev=\u00a0\u00bbon\u00a0\u00bb show_next=\u00a0\u00bbon\u00a0\u00bb]<\/p>\n<p>[\/et_pb_post_nav][\/et_pb_column][\/et_pb_row][\/et_pb_section]<\/p>\n","protected":false},"excerpt":{"rendered":"<p>Makronissos, non on ne peut pasvoir le bleu du ciel et de la mer Cette \u00e9chapp\u00e9e de bleu aveugle et cinglantLes hommes que l&rsquo;on d\u00e9colorise survivent ici en \u00e9crivantde toutes leurs couleurs d&rsquo;hommes Au revers de leur nuit- noire est la nuit de Makronissos -les couleurs de la vie s&rsquo;amoncellent\u00e9chou\u00e9es sur la gr\u00e8vemorcel\u00e9es, fragment\u00e9es, bris\u00e9esDes [&hellip;]<\/p>\n","protected":false},"author":1,"featured_media":0,"comment_status":"open","ping_status":"open","sticky":false,"template":"","format":"standard","meta":{"_et_pb_use_builder":"on","_et_pb_old_content":"<p><span style=\"font-family: verdana, geneva, sans-serif; font-size: 12pt;\">Makronissos, non <\/span><br \/><span style=\"font-family: verdana, geneva, sans-serif; font-size: 12pt;\">on ne peut pas<\/span><br \/><span style=\"font-family: verdana, geneva, sans-serif; font-size: 12pt;\">voir le bleu du ciel et de la mer <\/span><br \/><span style=\"font-family: verdana, geneva, sans-serif; font-size: 12pt;\">Cette \u00e9chapp\u00e9e de bleu aveugle et cinglant<\/span><br \/><span style=\"font-family: verdana, geneva, sans-serif; font-size: 12pt;\">Les hommes que l'on d\u00e9colorise <\/span><br \/><span style=\"font-family: verdana, geneva, sans-serif; font-size: 12pt;\">survivent ici en \u00e9crivant<\/span><br \/><span style=\"font-family: verdana, geneva, sans-serif; font-size: 12pt;\">de toutes leurs couleurs d'hommes <\/span><br \/><span style=\"font-family: verdana, geneva, sans-serif; font-size: 12pt;\">Au revers de leur nuit<\/span><br \/><span style=\"font-family: verdana, geneva, sans-serif; font-size: 12pt;\">- noire est la nuit de Makronissos -<\/span><br \/><span style=\"font-family: verdana, geneva, sans-serif; font-size: 12pt;\">les couleurs de la vie s'amoncellent<\/span><br \/><span style=\"font-family: verdana, geneva, sans-serif; font-size: 12pt;\">\u00e9chou\u00e9es sur la gr\u00e8ve<\/span><br \/><span style=\"font-family: verdana, geneva, sans-serif; font-size: 12pt;\">morcel\u00e9es, fragment\u00e9es, bris\u00e9es<\/span><br \/><span style=\"font-family: verdana, geneva, sans-serif; font-size: 12pt;\">Des bris de vers<\/span><br \/><span style=\"font-family: verdana, geneva, sans-serif; font-size: 12pt;\">Traces muettes dans les pierres<\/span><br \/><span style=\"font-family: verdana, geneva, sans-serif; font-size: 12pt;\">Makronissos, le silence <\/span><br \/><span style=\"font-family: verdana, geneva, sans-serif; font-size: 12pt;\">r\u00e9sonne encore longtemps apr\u00e8s<\/span><br \/><span style=\"font-family: verdana, geneva, sans-serif; font-size: 12pt;\">que se soit tue la voix<\/span><br \/><span style=\"font-family: verdana, geneva, sans-serif; font-size: 12pt;\">des hommes qui ne souffrent plus<\/span><br \/><span style=\"font-family: verdana, geneva, sans-serif; font-size: 12pt;\">Makronissos on ne peut pas <\/span><br \/><span style=\"font-family: verdana, geneva, sans-serif; font-size: 12pt;\">non<\/span><br \/><span style=\"font-family: verdana, geneva, sans-serif; font-size: 12pt;\">voir le bleu du ciel et de la mer<\/span><br \/><br \/><br \/>22 ao\u00fbt 2018<\/p>","_et_gb_content_width":"","om_disable_all_campaigns":false,"_exactmetrics_skip_tracking":false,"_exactmetrics_sitenote_active":false,"_exactmetrics_sitenote_note":"","_exactmetrics_sitenote_category":0,"_monsterinsights_skip_tracking":false,"_monsterinsights_sitenote_active":false,"_monsterinsights_sitenote_note":"","_monsterinsights_sitenote_category":0,"footnotes":""},"categories":[29],"tags":[],"class_list":["post-3071","post","type-post","status-publish","format-standard","hentry","category-treizieme-volet"],"aioseo_notices":[],"_links":{"self":[{"href":"https:\/\/voletsouvers.ovh\/index.php\/wp-json\/wp\/v2\/posts\/3071","targetHints":{"allow":["GET"]}}],"collection":[{"href":"https:\/\/voletsouvers.ovh\/index.php\/wp-json\/wp\/v2\/posts"}],"about":[{"href":"https:\/\/voletsouvers.ovh\/index.php\/wp-json\/wp\/v2\/types\/post"}],"author":[{"embeddable":true,"href":"https:\/\/voletsouvers.ovh\/index.php\/wp-json\/wp\/v2\/users\/1"}],"replies":[{"embeddable":true,"href":"https:\/\/voletsouvers.ovh\/index.php\/wp-json\/wp\/v2\/comments?post=3071"}],"version-history":[{"count":7,"href":"https:\/\/voletsouvers.ovh\/index.php\/wp-json\/wp\/v2\/posts\/3071\/revisions"}],"predecessor-version":[{"id":3931,"href":"https:\/\/voletsouvers.ovh\/index.php\/wp-json\/wp\/v2\/posts\/3071\/revisions\/3931"}],"wp:attachment":[{"href":"https:\/\/voletsouvers.ovh\/index.php\/wp-json\/wp\/v2\/media?parent=3071"}],"wp:term":[{"taxonomy":"category","embeddable":true,"href":"https:\/\/voletsouvers.ovh\/index.php\/wp-json\/wp\/v2\/categories?post=3071"},{"taxonomy":"post_tag","embeddable":true,"href":"https:\/\/voletsouvers.ovh\/index.php\/wp-json\/wp\/v2\/tags?post=3071"}],"curies":[{"name":"wp","href":"https:\/\/api.w.org\/{rel}","templated":true}]}}