{"id":3042,"date":"2018-07-17T14:22:26","date_gmt":"2018-07-17T12:22:26","guid":{"rendered":"http:\/\/voletsouvers.ovh\/?p=3042"},"modified":"2018-07-17T14:22:26","modified_gmt":"2018-07-17T12:22:26","slug":"la-punition","status":"publish","type":"post","link":"https:\/\/voletsouvers.ovh\/index.php\/2018\/07\/17\/la-punition\/","title":{"rendered":"La punition"},"content":{"rendered":"<p>[et_pb_section admin_label=\u00a0\u00bbsection\u00a0\u00bb][et_pb_row admin_label=\u00a0\u00bbrow\u00a0\u00bb][et_pb_column type=\u00a0\u00bb4_4&Prime;][et_pb_text admin_label=\u00a0\u00bbTexte\u00a0\u00bb background_layout=\u00a0\u00bblight\u00a0\u00bb text_orientation=\u00a0\u00bbleft\u00a0\u00bb use_border_color=\u00a0\u00bboff\u00a0\u00bb border_color=\u00a0\u00bb#ffffff\u00a0\u00bb border_style=\u00a0\u00bbsolid\u00a0\u00bb]<\/p>\n<p><span style=\"font-family: verdana, geneva, sans-serif; font-size: 12pt;\"><em>Demain, pas classe toute la matin\u00e9e<\/em>. C&rsquo;est ce que j&rsquo;avais \u00e9crit sur mon cahier de textes comme sous la dict\u00e9e de la ma\u00eetresse. J&rsquo;avais sept ou huit ans.<\/span><br \/>\n<span style=\"font-family: verdana, geneva, sans-serif; font-size: 12pt;\">Ma m\u00e8re l&rsquo;avait cru et m&rsquo;avais ramen\u00e9e \u00e0 l&rsquo;\u00e9cole le lendemain apr\u00e8s-midi. J&rsquo;\u00e9tais contrari\u00e9e, j&rsquo;aurais d\u00fb \u00e9crire toute la journ\u00e9e et non pas matin\u00e9e. J&rsquo;\u00e9tais une bonne \u00e9l\u00e8ve mais d\u00e9testais l&rsquo;\u00e9cole. <\/span><br \/>\n<span style=\"font-family: verdana, geneva, sans-serif; font-size: 12pt;\"><em>Qu&rsquo;est-ce qui est arriv\u00e9 \u00e0 Colette ce matin ?<\/em> a demand\u00e9 la ma\u00eetresse \u00e0 ma m\u00e8re.<\/span><br \/>\n<span style=\"font-family: verdana, geneva, sans-serif; font-size: 12pt;\">Je me suis \u00e9chapp\u00e9e dans la cour pour ne pas \u00e9couter la suite.<\/span><br \/>\n<span style=\"font-family: verdana, geneva, sans-serif; font-size: 12pt;\">Mais le soir m\u00eame, apr\u00e8s l&rsquo;\u00e9cole, lorsque ma m\u00e8re est rentr\u00e9e de son travail, elle m&rsquo;a arrach\u00e9 des mains le Peter Pan que j&rsquo;\u00e9tais en train de lire, elle m&rsquo;a confisqu\u00e9 tous mes contes de Grimm et d&rsquo;Andersen, tous mes Comtesse de S\u00e9gur (qui me d\u00e9primaient, il faut bien le dire), ma Rubrique \u00e0 Brac de Gotlib rapport\u00e9e de la biblioth\u00e8que, tous mes Club des cinq et Clan des sept, bref, j&rsquo;ai \u00e9t\u00e9 priv\u00e9e de lecture pendant quinze jours.<\/span><\/p>\n<p>17 juillet 2018<\/p>\n<p>[\/et_pb_text][et_pb_post_nav admin_label=\u00a0\u00bbNavigation dans les posts\u00a0\u00bb in_same_term=\u00a0\u00bboff\u00a0\u00bb hide_prev=\u00a0\u00bboff\u00a0\u00bb hide_next=\u00a0\u00bboff\u00a0\u00bb use_border_color=\u00a0\u00bboff\u00a0\u00bb border_color=\u00a0\u00bb#ffffff\u00a0\u00bb border_style=\u00a0\u00bbsolid\u00a0\u00bb \/][\/et_pb_column][\/et_pb_row][\/et_pb_section]<\/p>\n","protected":false},"excerpt":{"rendered":"<p>Demain, pas classe toute la matin\u00e9e. C&rsquo;est ce que j&rsquo;avais \u00e9crit sur mon cahier de textes comme sous la dict\u00e9e de la ma\u00eetresse. J&rsquo;avais sept ou huit ans. Ma m\u00e8re l&rsquo;avait cru et m&rsquo;avais ramen\u00e9e \u00e0 l&rsquo;\u00e9cole le lendemain apr\u00e8s-midi. J&rsquo;\u00e9tais contrari\u00e9e, j&rsquo;aurais d\u00fb \u00e9crire toute la journ\u00e9e et non pas matin\u00e9e. J&rsquo;\u00e9tais une bonne [&hellip;]<\/p>\n","protected":false},"author":1,"featured_media":0,"comment_status":"open","ping_status":"open","sticky":false,"template":"","format":"standard","meta":{"_et_pb_use_builder":"on","_et_pb_old_content":"<p><span style=\"font-family: verdana, geneva, sans-serif; font-size: 12pt;\"><em>Demain, pas classe toute la matin\u00e9e<\/em>. C'est ce que j'avais \u00e9crit sur mon cahier de textes comme sous la dict\u00e9e de la ma\u00eetresse. J'avais sept ou huit ans.<\/span><br \/><span style=\"font-family: verdana, geneva, sans-serif; font-size: 12pt;\">Ma m\u00e8re l'avait cru et m'avais ramen\u00e9e \u00e0 l'\u00e9cole le lendemain apr\u00e8s-midi. J'\u00e9tais contrari\u00e9e, j'aurais d\u00fb \u00e9crire toute la journ\u00e9e et non pas matin\u00e9e. J'\u00e9tais une bonne \u00e9l\u00e8ve mais d\u00e9testais l'\u00e9cole. Je pr\u00e9f\u00e9rais rester \u00e0 lire \u00e0 la maison.<\/span><br \/><span style=\"font-family: verdana, geneva, sans-serif; font-size: 12pt;\"><em>Qu'est-ce qui est arriv\u00e9 \u00e0 Colette ce matin ?<\/em> a demand\u00e9 la ma\u00eetresse \u00e0 ma m\u00e8re.<\/span><br \/><span style=\"font-family: verdana, geneva, sans-serif; font-size: 12pt;\">Je me suis \u00e9chapp\u00e9e dans la cour pour ne pas \u00e9couter la suite.<\/span><br \/><span style=\"font-family: verdana, geneva, sans-serif; font-size: 12pt;\">Mais le soir m\u00eame, apr\u00e8s l'\u00e9cole, lorsque ma m\u00e8re est rentr\u00e9e de son travail, elle m'a arrach\u00e9 des mains le Peter Pan que j'\u00e9tais en train de lire, elle m'a confisqu\u00e9 tous mes contes de Grimm et d'Andersen, tous mes Comtesse de S\u00e9gur (qui me d\u00e9primaient, il faut bien le dire), ma Rubrique \u00e0 Brac de Gotlib rapport\u00e9e de la biblioth\u00e8que, tous mes Club des cinq et Clan des sept, bref, j'ai \u00e9t\u00e9 priv\u00e9e de lecture pendant quinze jours.<\/span><br \/><br \/><br \/><br \/>17 juillet 2018<\/p>","_et_gb_content_width":"","om_disable_all_campaigns":false,"_exactmetrics_skip_tracking":false,"_exactmetrics_sitenote_active":false,"_exactmetrics_sitenote_note":"","_exactmetrics_sitenote_category":0,"_monsterinsights_skip_tracking":false,"_monsterinsights_sitenote_active":false,"_monsterinsights_sitenote_note":"","_monsterinsights_sitenote_category":0,"footnotes":""},"categories":[16],"tags":[],"class_list":["post-3042","post","type-post","status-publish","format-standard","hentry","category-chroniques"],"aioseo_notices":[],"_links":{"self":[{"href":"https:\/\/voletsouvers.ovh\/index.php\/wp-json\/wp\/v2\/posts\/3042","targetHints":{"allow":["GET"]}}],"collection":[{"href":"https:\/\/voletsouvers.ovh\/index.php\/wp-json\/wp\/v2\/posts"}],"about":[{"href":"https:\/\/voletsouvers.ovh\/index.php\/wp-json\/wp\/v2\/types\/post"}],"author":[{"embeddable":true,"href":"https:\/\/voletsouvers.ovh\/index.php\/wp-json\/wp\/v2\/users\/1"}],"replies":[{"embeddable":true,"href":"https:\/\/voletsouvers.ovh\/index.php\/wp-json\/wp\/v2\/comments?post=3042"}],"version-history":[{"count":2,"href":"https:\/\/voletsouvers.ovh\/index.php\/wp-json\/wp\/v2\/posts\/3042\/revisions"}],"predecessor-version":[{"id":3044,"href":"https:\/\/voletsouvers.ovh\/index.php\/wp-json\/wp\/v2\/posts\/3042\/revisions\/3044"}],"wp:attachment":[{"href":"https:\/\/voletsouvers.ovh\/index.php\/wp-json\/wp\/v2\/media?parent=3042"}],"wp:term":[{"taxonomy":"category","embeddable":true,"href":"https:\/\/voletsouvers.ovh\/index.php\/wp-json\/wp\/v2\/categories?post=3042"},{"taxonomy":"post_tag","embeddable":true,"href":"https:\/\/voletsouvers.ovh\/index.php\/wp-json\/wp\/v2\/tags?post=3042"}],"curies":[{"name":"wp","href":"https:\/\/api.w.org\/{rel}","templated":true}]}}