{"id":3002,"date":"2018-06-28T12:10:57","date_gmt":"2018-06-28T10:10:57","guid":{"rendered":"http:\/\/voletsouvers.ovh\/?p=3002"},"modified":"2018-06-28T12:10:57","modified_gmt":"2018-06-28T10:10:57","slug":"jai-encore-oublie-de-dormir","status":"publish","type":"post","link":"https:\/\/voletsouvers.ovh\/index.php\/2018\/06\/28\/jai-encore-oublie-de-dormir\/","title":{"rendered":"J&rsquo;ai encore oubli\u00e9 de dormir"},"content":{"rendered":"<p>[et_pb_section admin_label=\u00a0\u00bbsection\u00a0\u00bb][et_pb_row admin_label=\u00a0\u00bbrow\u00a0\u00bb][et_pb_column type=\u00a0\u00bb4_4&Prime;][et_pb_text admin_label=\u00a0\u00bbTexte\u00a0\u00bb background_layout=\u00a0\u00bblight\u00a0\u00bb text_orientation=\u00a0\u00bbleft\u00a0\u00bb use_border_color=\u00a0\u00bboff\u00a0\u00bb border_color=\u00a0\u00bb#ffffff\u00a0\u00bb border_style=\u00a0\u00bbsolid\u00a0\u00bb]<\/p>\n<p><span style=\"font-family: verdana, geneva, sans-serif; font-size: 12pt;\">La for\u00eat de l&rsquo;aube<\/span><br \/>\n<span style=\"font-family: verdana, geneva, sans-serif; font-size: 12pt;\">bient\u00f4t \u00e0 la fen\u00eatre <\/span><br \/>\n<span style=\"font-family: verdana, geneva, sans-serif; font-size: 12pt;\">Un cri de b\u00eate a perc\u00e9 une \u00e9toile<\/span><br \/>\n<span style=\"font-family: verdana, geneva, sans-serif; font-size: 12pt;\">Ne pourrait-on changer <\/span><br \/>\n<span style=\"font-family: verdana, geneva, sans-serif; font-size: 12pt;\">l&rsquo;heure d&rsquo;avoir faim d&rsquo;\u00e9crire<\/span><br \/>\n<span style=\"font-family: verdana, geneva, sans-serif; font-size: 12pt;\">les bruits du monde ?<\/span><\/p>\n<p>28 juin 2018<\/p>\n<p>[\/et_pb_text][et_pb_post_nav admin_label=\u00a0\u00bbNavigation dans les posts\u00a0\u00bb in_same_term=\u00a0\u00bboff\u00a0\u00bb hide_prev=\u00a0\u00bboff\u00a0\u00bb hide_next=\u00a0\u00bboff\u00a0\u00bb use_border_color=\u00a0\u00bboff\u00a0\u00bb border_color=\u00a0\u00bb#ffffff\u00a0\u00bb border_style=\u00a0\u00bbsolid\u00a0\u00bb \/][\/et_pb_column][\/et_pb_row][\/et_pb_section]<\/p>\n","protected":false},"excerpt":{"rendered":"<p>La for\u00eat de l&rsquo;aube bient\u00f4t \u00e0 la fen\u00eatre Un cri de b\u00eate a perc\u00e9 une \u00e9toile Ne pourrait-on changer l&rsquo;heure d&rsquo;avoir faim d&rsquo;\u00e9crire les bruits du monde ? 28 juin 2018<\/p>\n","protected":false},"author":1,"featured_media":0,"comment_status":"open","ping_status":"open","sticky":false,"template":"","format":"standard","meta":{"_et_pb_use_builder":"on","_et_pb_old_content":"<p><span style=\"font-family: verdana, geneva, sans-serif; font-size: 12pt;\">La for\u00eat de l'aube<\/span><br \/><span style=\"font-family: verdana, geneva, sans-serif; font-size: 12pt;\">bient\u00f4t \u00e0 la fen\u00eatre <\/span><br \/><span style=\"font-family: verdana, geneva, sans-serif; font-size: 12pt;\">Un cri de b\u00eate a perc\u00e9 une \u00e9toile<\/span><br \/><span style=\"font-family: verdana, geneva, sans-serif; font-size: 12pt;\">Ne pourrait-on changer <\/span><br \/><span style=\"font-family: verdana, geneva, sans-serif; font-size: 12pt;\">l'heure d'avoir faim d'\u00e9crire<\/span><br \/><span style=\"font-family: verdana, geneva, sans-serif; font-size: 12pt;\">les bruits du monde ?<\/span><br \/><br \/><br \/><br \/>28 juin 2018<\/p>","_et_gb_content_width":"","om_disable_all_campaigns":false,"_exactmetrics_skip_tracking":false,"_exactmetrics_sitenote_active":false,"_exactmetrics_sitenote_note":"","_exactmetrics_sitenote_category":0,"_monsterinsights_skip_tracking":false,"_monsterinsights_sitenote_active":false,"_monsterinsights_sitenote_note":"","_monsterinsights_sitenote_category":0,"footnotes":""},"categories":[28],"tags":[],"class_list":["post-3002","post","type-post","status-publish","format-standard","hentry","category-douzieme-volet"],"aioseo_notices":[],"_links":{"self":[{"href":"https:\/\/voletsouvers.ovh\/index.php\/wp-json\/wp\/v2\/posts\/3002","targetHints":{"allow":["GET"]}}],"collection":[{"href":"https:\/\/voletsouvers.ovh\/index.php\/wp-json\/wp\/v2\/posts"}],"about":[{"href":"https:\/\/voletsouvers.ovh\/index.php\/wp-json\/wp\/v2\/types\/post"}],"author":[{"embeddable":true,"href":"https:\/\/voletsouvers.ovh\/index.php\/wp-json\/wp\/v2\/users\/1"}],"replies":[{"embeddable":true,"href":"https:\/\/voletsouvers.ovh\/index.php\/wp-json\/wp\/v2\/comments?post=3002"}],"version-history":[{"count":1,"href":"https:\/\/voletsouvers.ovh\/index.php\/wp-json\/wp\/v2\/posts\/3002\/revisions"}],"predecessor-version":[{"id":3003,"href":"https:\/\/voletsouvers.ovh\/index.php\/wp-json\/wp\/v2\/posts\/3002\/revisions\/3003"}],"wp:attachment":[{"href":"https:\/\/voletsouvers.ovh\/index.php\/wp-json\/wp\/v2\/media?parent=3002"}],"wp:term":[{"taxonomy":"category","embeddable":true,"href":"https:\/\/voletsouvers.ovh\/index.php\/wp-json\/wp\/v2\/categories?post=3002"},{"taxonomy":"post_tag","embeddable":true,"href":"https:\/\/voletsouvers.ovh\/index.php\/wp-json\/wp\/v2\/tags?post=3002"}],"curies":[{"name":"wp","href":"https:\/\/api.w.org\/{rel}","templated":true}]}}