{"id":2925,"date":"2018-04-06T15:22:28","date_gmt":"2018-04-06T13:22:28","guid":{"rendered":"http:\/\/voletsouvers.ovh\/?p=2925"},"modified":"2018-04-06T15:24:09","modified_gmt":"2018-04-06T13:24:09","slug":"luna-y-tacon","status":"publish","type":"post","link":"https:\/\/voletsouvers.ovh\/index.php\/2018\/04\/06\/luna-y-tacon\/","title":{"rendered":"Luna y Tacon"},"content":{"rendered":"<p>[et_pb_section admin_label=\u00a0\u00bbsection\u00a0\u00bb][et_pb_row admin_label=\u00a0\u00bbrow\u00a0\u00bb][et_pb_column type=\u00a0\u00bb4_4&Prime;][et_pb_text admin_label=\u00a0\u00bbTexte\u00a0\u00bb background_layout=\u00a0\u00bblight\u00a0\u00bb text_orientation=\u00a0\u00bbleft\u00a0\u00bb use_border_color=\u00a0\u00bboff\u00a0\u00bb border_color=\u00a0\u00bb#ffffff\u00a0\u00bb border_style=\u00a0\u00bbsolid\u00a0\u00bb]<\/p>\n<p><span style=\"font-family: verdana, geneva, sans-serif; font-size: 12pt;\">Petit montage r\u00e9alis\u00e9 pour vous pr\u00e9senter l&rsquo;association Luna y Tacon <\/span><br \/>\n<span style=\"font-family: verdana, geneva, sans-serif; font-size: 12pt;\">(stages mensuels de danse Flamenco\u00a0 niveau d\u00e9butants (0 \u00e0 4 ans de pratique)<\/span><\/p>\n<p><iframe loading=\"lazy\" src=\"\/\/player.vimeo.com\/video\/262090324?title=0&amp;amp;byline=0\" width=\"640\" height=\"360\" frameborder=\"0\" allowfullscreen=\"allowfullscreen\"><\/iframe><\/p>\n<p><a href=\"https:\/\/vimeo.com\/262090324\">LUNA Y TACON<\/a> from <a href=\"https:\/\/vimeo.com\/user6745878\">kom\u00eao<\/a> on <a href=\"https:\/\/vimeo.com\">Vimeo<\/a>.<\/p>\n<p><span style=\"font-family: verdana, geneva, sans-serif; font-size: 12pt;\">Musique de Estrella Morente<\/span><\/p>\n<p>&nbsp;<\/p>\n<p>6 avril 2018<\/p>\n<p>&nbsp;<\/p>\n<p>[\/et_pb_text][et_pb_post_nav admin_label=\u00a0\u00bbNavigation dans les posts\u00a0\u00bb in_same_term=\u00a0\u00bboff\u00a0\u00bb hide_prev=\u00a0\u00bboff\u00a0\u00bb hide_next=\u00a0\u00bboff\u00a0\u00bb use_border_color=\u00a0\u00bboff\u00a0\u00bb border_color=\u00a0\u00bb#ffffff\u00a0\u00bb border_style=\u00a0\u00bbsolid\u00a0\u00bb \/][\/et_pb_column][\/et_pb_row][\/et_pb_section]<\/p>\n","protected":false},"excerpt":{"rendered":"<p>Petit montage r\u00e9alis\u00e9 pour vous pr\u00e9senter l&rsquo;association Luna y Tacon (stages mensuels de danse Flamenco\u00a0 niveau d\u00e9butants (0 \u00e0 4 ans de pratique) LUNA Y TACON from kom\u00eao on Vimeo. Musique de Estrella Morente &nbsp; 6 avril 2018 &nbsp;<\/p>\n","protected":false},"author":1,"featured_media":0,"comment_status":"open","ping_status":"open","sticky":false,"template":"","format":"standard","meta":{"_et_pb_use_builder":"on","_et_pb_old_content":"<p><span style=\"font-family: verdana, geneva, sans-serif; font-size: 12pt;\">Petit montage r\u00e9alis\u00e9 pour vous pr\u00e9senter l'association Luna y Tacon <\/span><br \/><span style=\"font-family: verdana, geneva, sans-serif; font-size: 12pt;\">(stages flamenco mensuels niveau d\u00e9butants (0 \u00e0 4 ans de pratique)<\/span><\/p><p><iframe src=\"\/\/player.vimeo.com\/video\/262090324?title=0&amp;byline=0\" width=\"640\" height=\"360\" frameborder=\"0\" allowfullscreen=\"allowfullscreen\"><\/iframe><\/p><p><a href=\"https:\/\/vimeo.com\/262090324\">LUNA Y TACON<\/a> from <a href=\"https:\/\/vimeo.com\/user6745878\">kom\u00eao<\/a> on <a href=\"https:\/\/vimeo.com\">Vimeo<\/a>.<\/p><p><span style=\"font-family: verdana, geneva, sans-serif; font-size: 12pt;\">Musique de Estrella Morente<\/span><\/p><p>\u00a0<\/p>","_et_gb_content_width":"","om_disable_all_campaigns":false,"_exactmetrics_skip_tracking":false,"_exactmetrics_sitenote_active":false,"_exactmetrics_sitenote_note":"","_exactmetrics_sitenote_category":0,"_monsterinsights_skip_tracking":false,"_monsterinsights_sitenote_active":false,"_monsterinsights_sitenote_note":"","_monsterinsights_sitenote_category":0,"footnotes":""},"categories":[28,14],"tags":[],"class_list":["post-2925","post","type-post","status-publish","format-standard","hentry","category-douzieme-volet","category-videos"],"aioseo_notices":[],"_links":{"self":[{"href":"https:\/\/voletsouvers.ovh\/index.php\/wp-json\/wp\/v2\/posts\/2925","targetHints":{"allow":["GET"]}}],"collection":[{"href":"https:\/\/voletsouvers.ovh\/index.php\/wp-json\/wp\/v2\/posts"}],"about":[{"href":"https:\/\/voletsouvers.ovh\/index.php\/wp-json\/wp\/v2\/types\/post"}],"author":[{"embeddable":true,"href":"https:\/\/voletsouvers.ovh\/index.php\/wp-json\/wp\/v2\/users\/1"}],"replies":[{"embeddable":true,"href":"https:\/\/voletsouvers.ovh\/index.php\/wp-json\/wp\/v2\/comments?post=2925"}],"version-history":[{"count":3,"href":"https:\/\/voletsouvers.ovh\/index.php\/wp-json\/wp\/v2\/posts\/2925\/revisions"}],"predecessor-version":[{"id":2928,"href":"https:\/\/voletsouvers.ovh\/index.php\/wp-json\/wp\/v2\/posts\/2925\/revisions\/2928"}],"wp:attachment":[{"href":"https:\/\/voletsouvers.ovh\/index.php\/wp-json\/wp\/v2\/media?parent=2925"}],"wp:term":[{"taxonomy":"category","embeddable":true,"href":"https:\/\/voletsouvers.ovh\/index.php\/wp-json\/wp\/v2\/categories?post=2925"},{"taxonomy":"post_tag","embeddable":true,"href":"https:\/\/voletsouvers.ovh\/index.php\/wp-json\/wp\/v2\/tags?post=2925"}],"curies":[{"name":"wp","href":"https:\/\/api.w.org\/{rel}","templated":true}]}}