{"id":2902,"date":"2018-03-16T11:10:36","date_gmt":"2018-03-16T10:10:36","guid":{"rendered":"http:\/\/voletsouvers.ovh\/?p=2902"},"modified":"2018-03-16T11:10:36","modified_gmt":"2018-03-16T10:10:36","slug":"louiz","status":"publish","type":"post","link":"https:\/\/voletsouvers.ovh\/index.php\/2018\/03\/16\/louiz\/","title":{"rendered":"Louiz"},"content":{"rendered":"<p>[et_pb_section admin_label=\u00a0\u00bbsection\u00a0\u00bb][et_pb_row admin_label=\u00a0\u00bbrow\u00a0\u00bb][et_pb_column type=\u00a0\u00bb4_4&Prime;][et_pb_text admin_label=\u00a0\u00bbTexte\u00a0\u00bb background_layout=\u00a0\u00bblight\u00a0\u00bb text_orientation=\u00a0\u00bbleft\u00a0\u00bb use_border_color=\u00a0\u00bboff\u00a0\u00bb border_color=\u00a0\u00bb#ffffff\u00a0\u00bb border_style=\u00a0\u00bbsolid\u00a0\u00bb]<\/p>\n<p><span style=\"font-family: verdana, geneva, sans-serif; font-size: 12pt;\">Louiz est un chien<\/span><br \/>\n<span style=\"font-family: verdana, geneva, sans-serif; font-size: 12pt;\">C&rsquo;est un chien du berger Beno\u00eet<\/span><br \/>\n<span style=\"font-family: verdana, geneva, sans-serif; font-size: 12pt;\">Je connais et j&rsquo;entends sa voix<\/span><br \/>\n<span style=\"font-family: verdana, geneva, sans-serif; font-size: 12pt;\">o\u00f9 que je sois<\/span><br \/>\n<span style=\"font-family: verdana, geneva, sans-serif; font-size: 12pt;\">O\u00f9 que je sois, Louiz aboie<\/span><br \/>\n<span style=\"font-family: verdana, geneva, sans-serif; font-size: 12pt;\">comme autrefois sous les fen\u00eatres<\/span><br \/>\n<span style=\"font-family: verdana, geneva, sans-serif; font-size: 12pt;\">et me ram\u00e8ne \u00e0 ce printemps malade<\/span><br \/>\n<span style=\"font-family: verdana, geneva, sans-serif; font-size: 12pt;\">M\u00eame si je change de fen\u00eatres, demain<\/span><br \/>\n<span style=\"font-family: verdana, geneva, sans-serif; font-size: 12pt;\">Louiz, demain, aboiera<\/span><br \/>\n<span style=\"font-family: verdana, geneva, sans-serif; font-size: 12pt;\">et je dirai comme autrefois<\/span><br \/>\n<span style=\"font-family: verdana, geneva, sans-serif; font-size: 12pt;\">Mais que fait Louiz l\u00e0, sans Beno\u00eet ?<\/span><br \/>\n<span style=\"font-family: verdana, geneva, sans-serif; font-size: 12pt;\">Louiz attroupe peut-\u00eatre les mots<\/span><br \/>\n<span style=\"font-family: verdana, geneva, sans-serif; font-size: 12pt;\">et les pousse sur la page<\/span><br \/>\n<span style=\"font-family: verdana, geneva, sans-serif; font-size: 12pt;\">ces mots que j&rsquo;avais encore \u00e0 taire<\/span><\/p>\n<p>&nbsp;<\/p>\n<p>16 mars 2018<\/p>\n<p>&nbsp;<\/p>\n<p>[\/et_pb_text][et_pb_post_nav admin_label=\u00a0\u00bbNavigation dans les posts\u00a0\u00bb in_same_term=\u00a0\u00bboff\u00a0\u00bb hide_prev=\u00a0\u00bboff\u00a0\u00bb hide_next=\u00a0\u00bboff\u00a0\u00bb use_border_color=\u00a0\u00bboff\u00a0\u00bb border_color=\u00a0\u00bb#ffffff\u00a0\u00bb border_style=\u00a0\u00bbsolid\u00a0\u00bb \/][\/et_pb_column][\/et_pb_row][\/et_pb_section]<\/p>\n","protected":false},"excerpt":{"rendered":"<p>Louiz est un chien C&rsquo;est un chien du berger Beno\u00eet Je connais et j&rsquo;entends sa voix o\u00f9 que je sois O\u00f9 que je sois, Louiz aboie comme autrefois sous les fen\u00eatres et me ram\u00e8ne \u00e0 ce printemps malade M\u00eame si je change de fen\u00eatres, demain Louiz, demain, aboiera et je dirai comme autrefois Mais que [&hellip;]<\/p>\n","protected":false},"author":1,"featured_media":0,"comment_status":"open","ping_status":"open","sticky":false,"template":"","format":"standard","meta":{"_et_pb_use_builder":"on","_et_pb_old_content":"<p>Louiz est un chien<br \/> C'est un chien du berger Beno\u00eet<br \/> Je connais et j'entends sa voix<br \/> o\u00f9 que je sois<br \/> O\u00f9 que je sois, Louiz aboie<br \/> comme autrefois sous les fen\u00eatres<br \/> et me ram\u00e8ne \u00e0 ce printemps malade<br \/> M\u00eame si je change de fen\u00eatres, demain<br \/> Louiz, demain, aboiera<br \/> et je dirai comme autrefois<br \/> Mais que fait Louiz l\u00e0, sans Beno\u00eet\u00a0?<br \/> Louiz attroupe peut-\u00eatre les mots<br \/> et les pousse sur la page<br \/> ces mots que j'avais encore \u00e0 taire<\/p><p>16 mars 2018<\/p><p>\u00a0<\/p>","_et_gb_content_width":"","om_disable_all_campaigns":false,"_exactmetrics_skip_tracking":false,"_exactmetrics_sitenote_active":false,"_exactmetrics_sitenote_note":"","_exactmetrics_sitenote_category":0,"_monsterinsights_skip_tracking":false,"_monsterinsights_sitenote_active":false,"_monsterinsights_sitenote_note":"","_monsterinsights_sitenote_category":0,"footnotes":""},"categories":[28],"tags":[],"class_list":["post-2902","post","type-post","status-publish","format-standard","hentry","category-douzieme-volet"],"aioseo_notices":[],"_links":{"self":[{"href":"https:\/\/voletsouvers.ovh\/index.php\/wp-json\/wp\/v2\/posts\/2902","targetHints":{"allow":["GET"]}}],"collection":[{"href":"https:\/\/voletsouvers.ovh\/index.php\/wp-json\/wp\/v2\/posts"}],"about":[{"href":"https:\/\/voletsouvers.ovh\/index.php\/wp-json\/wp\/v2\/types\/post"}],"author":[{"embeddable":true,"href":"https:\/\/voletsouvers.ovh\/index.php\/wp-json\/wp\/v2\/users\/1"}],"replies":[{"embeddable":true,"href":"https:\/\/voletsouvers.ovh\/index.php\/wp-json\/wp\/v2\/comments?post=2902"}],"version-history":[{"count":3,"href":"https:\/\/voletsouvers.ovh\/index.php\/wp-json\/wp\/v2\/posts\/2902\/revisions"}],"predecessor-version":[{"id":2906,"href":"https:\/\/voletsouvers.ovh\/index.php\/wp-json\/wp\/v2\/posts\/2902\/revisions\/2906"}],"wp:attachment":[{"href":"https:\/\/voletsouvers.ovh\/index.php\/wp-json\/wp\/v2\/media?parent=2902"}],"wp:term":[{"taxonomy":"category","embeddable":true,"href":"https:\/\/voletsouvers.ovh\/index.php\/wp-json\/wp\/v2\/categories?post=2902"},{"taxonomy":"post_tag","embeddable":true,"href":"https:\/\/voletsouvers.ovh\/index.php\/wp-json\/wp\/v2\/tags?post=2902"}],"curies":[{"name":"wp","href":"https:\/\/api.w.org\/{rel}","templated":true}]}}