{"id":2632,"date":"2017-07-27T19:19:07","date_gmt":"2017-07-27T17:19:07","guid":{"rendered":"http:\/\/voletsouvers.ovh\/?p=2632"},"modified":"2017-07-27T19:19:07","modified_gmt":"2017-07-27T17:19:07","slug":"sept-ans-de-malheur","status":"publish","type":"post","link":"https:\/\/voletsouvers.ovh\/index.php\/2017\/07\/27\/sept-ans-de-malheur\/","title":{"rendered":"Sept ans de malheur"},"content":{"rendered":"<p>[et_pb_section admin_label=\u00a0\u00bbsection\u00a0\u00bb][et_pb_row admin_label=\u00a0\u00bbrow\u00a0\u00bb][et_pb_column type=\u00a0\u00bb4_4&Prime;][et_pb_text admin_label=\u00a0\u00bbTexte\u00a0\u00bb background_layout=\u00a0\u00bblight\u00a0\u00bb text_orientation=\u00a0\u00bbleft\u00a0\u00bb use_border_color=\u00a0\u00bboff\u00a0\u00bb border_color=\u00a0\u00bb#ffffff\u00a0\u00bb border_style=\u00a0\u00bbsolid\u00a0\u00bb]<\/p>\n<p><span style=\"font-family: verdana,geneva,sans-serif; font-size: 12pt;\">Ce matin-l\u00e0 un miroir s&rsquo;\u00e9tait cass\u00e9. Echapp\u00e9 des mains de ma m\u00e8re ou de mon p\u00e8re, je ne sais pas.<\/span><br \/>\n<span style=\"font-family: verdana,geneva,sans-serif; font-size: 12pt;\">Je me souviens seulement de la phrase de mon p\u00e8re : <em>Sept ans de malheur !<\/em><\/span><br \/>\n<span style=\"font-family: verdana,geneva,sans-serif; font-size: 12pt;\">Phrase inconsid\u00e9r\u00e9ment lanc\u00e9e, sur le ton de la boutade. Ma m\u00e8re avait frissonn\u00e9 et boud\u00e9 au moins dix minutes, ce qui \u00e9tait rare.<\/span><br \/>\n<span style=\"font-family: verdana,geneva,sans-serif; font-size: 12pt;\">Un petit miroir de rien du tout s&rsquo;\u00e9tait cass\u00e9 juste avant notre journ\u00e9e \u00e0 la plage du Dahu \u00e0 Port-Gentil.<\/span><br \/>\n<span style=\"font-family: verdana,geneva,sans-serif; font-size: 12pt;\">Tous en famille comme tous les dimanches, sur ce m\u00eame bout de plage toujours d\u00e9sert. Mes fr\u00e8res plongeaient sous-marine, ma m\u00e8re bronzait sur le sable avec un livre, entrait souvent dans l&rsquo;eau lorsqu&rsquo;elle avait trop chaud. Moi je passais mon temps dans les vagues ou sur le cocotier couch\u00e9. Il avait pouss\u00e9 \u00e0 l&rsquo;horizontale et se balan\u00e7ait sous la pouss\u00e9e de mes jambes, je m&rsquo;imaginais sur un cheval.<\/span><br \/>\n<span style=\"font-family: verdana,geneva,sans-serif; font-size: 12pt;\">Mon p\u00e8re, lui, ne se baignait jamais. Il restait avec quantit\u00e9 de journaux et de revues.<\/span><br \/>\n<span style=\"font-family: verdana,geneva,sans-serif; font-size: 12pt;\">Prenait quand m\u00eame des coups de soleil sous le parasol, tant \u00e9tait forte la r\u00e9verb\u00e9ration sur le sable si blanc.<\/span><\/p>\n<p><span style=\"font-family: verdana,geneva,sans-serif; font-size: 12pt;\">Pourtant ce jour-l\u00e0, il d\u00e9cida pour la seule et unique fois de tout notre s\u00e9jour au Gabon, d&rsquo;aller nager.<\/span><br \/>\n<span style=\"font-family: verdana,geneva,sans-serif; font-size: 12pt;\">L&rsquo;oc\u00e9an \u00e0 cet endroit pouvait \u00eatre enti\u00e8rement lisse, mer \u00e9tale.<\/span><br \/>\n<span style=\"font-family: verdana,geneva,sans-serif; font-size: 12pt;\">Il se retirait parfois tr\u00e8s loin \u00e0 mar\u00e9e basse, infinie plage.<\/span><br \/>\n<span style=\"font-family: verdana,geneva,sans-serif; font-size: 12pt;\">Cette fois-ci, l&rsquo;oc\u00e9an \u00e9tait mar\u00e9e montante et particuli\u00e8rement agit\u00e9 de gros rouleaux.<\/span><br \/>\n<span style=\"font-family: verdana,geneva,sans-serif; font-size: 12pt;\">Dans le fracas des vagues et les remous d&rsquo;\u00e9cume, mon p\u00e8re n&rsquo;entendait pas ma m\u00e8re l&rsquo;appeler.<\/span><br \/>\n<span style=\"font-family: verdana,geneva,sans-serif; font-size: 12pt;\">Lorsqu&rsquo;il sortit enfin de l&rsquo;eau, il s&rsquo;aper\u00e7ut qu&rsquo;elle \u00e9tait en larmes.<\/span><br \/>\n<span style=\"font-family: verdana,geneva,sans-serif; font-size: 12pt;\">\u2014 Mais mais mais (mon p\u00e8re r\u00e9p\u00e9tait toujours le mot mais, trois fois) pourquoi tu pleures ?<\/span><br \/>\n<span style=\"font-family: verdana,geneva,sans-serif; font-size: 12pt;\">\u2014 Mais mais mais, b\u00e9gaya ma m\u00e8re \u00e0 son tour, expr\u00e8s pour le singer, exasp\u00e9r\u00e9e d&rsquo;avoir eu si peur.<\/span><br \/>\n<span style=\"font-family: verdana,geneva,sans-serif; font-size: 12pt;\">Tu ne te baignes jamais et aujourd&rsquo;hui tu d\u00e9cides d&rsquo;aller dans l&rsquo;eau. Juste le jour o\u00f9 on casse un miroir ! C&rsquo;est toi, qui as dit sept ans de malheur&#8230;<\/span><\/p>\n<p><span style=\"font-family: verdana,geneva,sans-serif; font-size: 12pt;\">Mon p\u00e8re ne s&rsquo;est pas noy\u00e9, les sept ann\u00e9es qui ont suivi n&rsquo;ont pas \u00e9t\u00e9 malheureuses. Ma m\u00e8re a boud\u00e9 encore au moins dix bonnes minutes, ce qui \u00e9tait rare.<\/span><\/p>\n<p>&nbsp;<\/p>\n<p>27 juillet 2017<\/p>\n<p>&nbsp;<\/p>\n<p>[\/et_pb_text][et_pb_post_nav admin_label=\u00a0\u00bbNavigation dans les posts\u00a0\u00bb in_same_term=\u00a0\u00bboff\u00a0\u00bb hide_prev=\u00a0\u00bboff\u00a0\u00bb hide_next=\u00a0\u00bboff\u00a0\u00bb use_border_color=\u00a0\u00bboff\u00a0\u00bb border_color=\u00a0\u00bb#ffffff\u00a0\u00bb border_style=\u00a0\u00bbsolid\u00a0\u00bb \/][\/et_pb_column][\/et_pb_row][\/et_pb_section]<\/p>\n","protected":false},"excerpt":{"rendered":"<p>Ce matin-l\u00e0 un miroir s&rsquo;\u00e9tait cass\u00e9. Echapp\u00e9 des mains de ma m\u00e8re ou de mon p\u00e8re, je ne sais pas. Je me souviens seulement de la phrase de mon p\u00e8re : Sept ans de malheur ! Phrase inconsid\u00e9r\u00e9ment lanc\u00e9e, sur le ton de la boutade. Ma m\u00e8re avait frissonn\u00e9 et boud\u00e9 au moins dix minutes, [&hellip;]<\/p>\n","protected":false},"author":1,"featured_media":0,"comment_status":"open","ping_status":"open","sticky":false,"template":"","format":"standard","meta":{"_et_pb_use_builder":"on","_et_pb_old_content":"<p><span style=\"font-family: verdana,geneva,sans-serif; font-size: 12pt;\">Ce matin-l\u00e0 un miroir s'\u00e9tait cass\u00e9. Echapp\u00e9 des mains de ma m\u00e8re ou de mon p\u00e8re, je ne sais pas.<\/span><br \/> <span style=\"font-family: verdana,geneva,sans-serif; font-size: 12pt;\">Je me souviens seulement de la phrase de mon p\u00e8re : Sept ans de malheur !<\/span><br \/> <span style=\"font-family: verdana,geneva,sans-serif; font-size: 12pt;\">Phrase inconsid\u00e9r\u00e9ment lanc\u00e9e, sur le ton de la boutade. Ma m\u00e8re avait frissonn\u00e9 et boud\u00e9 au moins dix minutes, ce qui \u00e9tait rare.<\/span><br \/> <span style=\"font-family: verdana,geneva,sans-serif; font-size: 12pt;\">Un petit miroir de rien du tout s'\u00e9tait cass\u00e9 juste avant notre journ\u00e9e \u00e0 la plage du Dahu \u00e0 Port-Gentil.<\/span><br \/> <span style=\"font-family: verdana,geneva,sans-serif; font-size: 12pt;\">Tous en famille comme tous les dimanches, sur ce m\u00eame bout de plage toujours d\u00e9sert. Mes fr\u00e8res plongeaient sous-marine, ma m\u00e8re bronzait sur le sable avec un livre, entrait souvent dans l'eau lorsqu'elle avait trop chaud. Moi je passais mon temps dans les vagues ou sur le cocotier couch\u00e9. Il avait pouss\u00e9 \u00e0 l'horizontale et se balan\u00e7ait sous la pouss\u00e9e de mes jambes, je m'imaginais sur un cheval.<\/span><br \/> <span style=\"font-family: verdana,geneva,sans-serif; font-size: 12pt;\">Mon p\u00e8re, lui, ne se baignait jamais. Il restait avec quantit\u00e9 de journaux et de revues.<\/span><br \/> <span style=\"font-family: verdana,geneva,sans-serif; font-size: 12pt;\">Prenait quand m\u00eame des coups de soleil sous le parasol, tant \u00e9tait forte la r\u00e9verb\u00e9ration sur le sable si blanc.<\/span><\/p><p><span style=\"font-family: verdana,geneva,sans-serif; font-size: 12pt;\">Pourtant ce jour-l\u00e0, il d\u00e9cida pour la seule et unique fois de tout notre s\u00e9jour au Gabon, d'aller nager.<\/span><br \/> <span style=\"font-family: verdana,geneva,sans-serif; font-size: 12pt;\">L'oc\u00e9an \u00e0 cet endroit pouvait \u00eatre enti\u00e8rement lisse, mer \u00e9tale.<\/span><br \/> <span style=\"font-family: verdana,geneva,sans-serif; font-size: 12pt;\">Il se retirait parfois tr\u00e8s loin \u00e0 mar\u00e9e basse, infinie plage.<\/span><br \/> <span style=\"font-family: verdana,geneva,sans-serif; font-size: 12pt;\">Cette fois-ci, l'oc\u00e9an \u00e9tait mar\u00e9e montante et particuli\u00e8rement agit\u00e9 de gros rouleaux.<\/span><br \/> <span style=\"font-family: verdana,geneva,sans-serif; font-size: 12pt;\">Dans le fracas des vagues et les remous d'\u00e9cume, mon p\u00e8re n'entendait pas ma m\u00e8re l'appeler.<\/span><br \/> <span style=\"font-family: verdana,geneva,sans-serif; font-size: 12pt;\">Lorsqu'il sortit enfin de l'eau, il s'aper\u00e7ut qu'elle \u00e9tait en larmes.<\/span><br \/> <span style=\"font-family: verdana,geneva,sans-serif; font-size: 12pt;\">\u2014 Mais mais mais (mon p\u00e8re r\u00e9p\u00e9tait toujours le mot mais, trois fois) pourquoi tu pleures ?<\/span><br \/> <span style=\"font-family: verdana,geneva,sans-serif; font-size: 12pt;\">\u2014 Mais mais mais, b\u00e9gaya ma m\u00e8re \u00e0 son tour, expr\u00e8s pour le singer, exasp\u00e9r\u00e9e d'avoir eu si peur.<\/span><br \/> <span style=\"font-family: verdana,geneva,sans-serif; font-size: 12pt;\">Tu ne te baignes jamais et aujourd'hui tu d\u00e9cides d'aller dans l'eau. Juste le jour o\u00f9 on casse un miroir ! C'est toi, qui as dit sept ans de malheur...<\/span><\/p><p><span style=\"font-family: verdana,geneva,sans-serif; font-size: 12pt;\">Mon p\u00e8re ne s'est pas noy\u00e9, les sept ann\u00e9es qui ont suivi n'ont pas \u00e9t\u00e9 malheureuses. Ma m\u00e8re a boud\u00e9 encore au moins dix bonnes minutes, ce qui \u00e9tait rare.<\/span><br \/><br \/><\/p><p>27 juillet 2017<\/p>","_et_gb_content_width":"","om_disable_all_campaigns":false,"_exactmetrics_skip_tracking":false,"_exactmetrics_sitenote_active":false,"_exactmetrics_sitenote_note":"","_exactmetrics_sitenote_category":0,"_monsterinsights_skip_tracking":false,"_monsterinsights_sitenote_active":false,"_monsterinsights_sitenote_note":"","_monsterinsights_sitenote_category":0,"footnotes":""},"categories":[16],"tags":[],"class_list":["post-2632","post","type-post","status-publish","format-standard","hentry","category-chroniques"],"aioseo_notices":[],"_links":{"self":[{"href":"https:\/\/voletsouvers.ovh\/index.php\/wp-json\/wp\/v2\/posts\/2632","targetHints":{"allow":["GET"]}}],"collection":[{"href":"https:\/\/voletsouvers.ovh\/index.php\/wp-json\/wp\/v2\/posts"}],"about":[{"href":"https:\/\/voletsouvers.ovh\/index.php\/wp-json\/wp\/v2\/types\/post"}],"author":[{"embeddable":true,"href":"https:\/\/voletsouvers.ovh\/index.php\/wp-json\/wp\/v2\/users\/1"}],"replies":[{"embeddable":true,"href":"https:\/\/voletsouvers.ovh\/index.php\/wp-json\/wp\/v2\/comments?post=2632"}],"version-history":[{"count":2,"href":"https:\/\/voletsouvers.ovh\/index.php\/wp-json\/wp\/v2\/posts\/2632\/revisions"}],"predecessor-version":[{"id":2634,"href":"https:\/\/voletsouvers.ovh\/index.php\/wp-json\/wp\/v2\/posts\/2632\/revisions\/2634"}],"wp:attachment":[{"href":"https:\/\/voletsouvers.ovh\/index.php\/wp-json\/wp\/v2\/media?parent=2632"}],"wp:term":[{"taxonomy":"category","embeddable":true,"href":"https:\/\/voletsouvers.ovh\/index.php\/wp-json\/wp\/v2\/categories?post=2632"},{"taxonomy":"post_tag","embeddable":true,"href":"https:\/\/voletsouvers.ovh\/index.php\/wp-json\/wp\/v2\/tags?post=2632"}],"curies":[{"name":"wp","href":"https:\/\/api.w.org\/{rel}","templated":true}]}}