{"id":2379,"date":"2017-03-12T13:34:49","date_gmt":"2017-03-12T12:34:49","guid":{"rendered":"http:\/\/voletsouvers.ovh\/?p=2379"},"modified":"2017-03-12T13:39:46","modified_gmt":"2017-03-12T12:39:46","slug":"les-journees-poet-poet-2017","status":"publish","type":"post","link":"https:\/\/voletsouvers.ovh\/index.php\/2017\/03\/12\/les-journees-poet-poet-2017\/","title":{"rendered":"Les Journ\u00e9es Po\u00ebt-Po\u00ebt 2017"},"content":{"rendered":"<p>[et_pb_section admin_label=\u00a0\u00bbsection\u00a0\u00bb][et_pb_row admin_label=\u00a0\u00bbrow\u00a0\u00bb][et_pb_column type=\u00a0\u00bb4_4&Prime;][et_pb_text admin_label=\u00a0\u00bbTexte\u00a0\u00bb background_layout=\u00a0\u00bblight\u00a0\u00bb text_orientation=\u00a0\u00bbleft\u00a0\u00bb use_border_color=\u00a0\u00bboff\u00a0\u00bb border_color=\u00a0\u00bb#ffffff\u00a0\u00bb border_style=\u00a0\u00bbsolid\u00a0\u00bb]<\/p>\n<p><span style=\"font-family: verdana,geneva,sans-serif; font-size: 12pt;\">Inbal Ben Haim, elle dansait sur sa corde et le papier acrobate chantait l&rsquo;orage, la mer<\/span><br \/>\n<span style=\"font-family: verdana,geneva,sans-serif; font-size: 12pt;\">et les galets (j&rsquo;ai pr\u00e9cieusement gard\u00e9 le confetti qu&rsquo;elle m&rsquo;a offert).<\/span><br \/>\n<span style=\"font-family: verdana,geneva,sans-serif; font-size: 12pt;\">J&rsquo;ai \u00e9t\u00e9 touch\u00e9e par la fuite en avant d&rsquo;Emmanuelle P\u00e9pin et Olivier Debos, l&rsquo;expression des corps et des visages.<\/span><br \/>\n<span style=\"font-family: verdana,geneva,sans-serif; font-size: 12pt;\">Paul Laurent, trop loin perdu dans le noir, je n&rsquo;ai su capter que son visage un instant \u00e9clair\u00e9 par un flash.<\/span><br \/>\n<span style=\"font-family: verdana,geneva,sans-serif; font-size: 12pt;\">Sabine Venaruzzo, la Cie Une petite voix m&rsquo;a dit (mais elle crie aussi) avec Raphael Zweifel au violoncelle. Sabine sans qui Les Journ\u00e9es Po\u00ebt-Po\u00ebt ne seraient pas.<\/span><br \/>\n<span style=\"font-family: verdana,geneva,sans-serif; font-size: 12pt;\">Fatiha Sadek, elle contait Bruno Doucey et Paul Eluard sur le soprano de David Amar et les percussions subjuguantes de Davy Sur.<\/span><br \/>\n<span style=\"font-family: verdana,geneva,sans-serif; font-size: 12pt;\">Et enfin, j&rsquo;ai \u00e9t\u00e9 emport\u00e9e par \u00ab\u00a0Le chant des possibles\u00a0\u00bb de Marc Alexandre Oho Bambe et la musique et la voix d&rsquo;Alain Larribet (frissons !).<\/span><\/p>\n<p><iframe loading=\"lazy\" src=\"\/\/player.vimeo.com\/video\/207995191?title=0&amp;amp;byline=0\" width=\"640\" height=\"360\" frameborder=\"0\" allowfullscreen=\"allowfullscreen\"><\/iframe><\/p>\n<p><span style=\"font-family: verdana,geneva,sans-serif; font-size: 12pt;\">Un immense merci \u00e0 Sabine Venaruzzo et son <em>po\u00ebt-bur\u00f6<\/em>, \u00e0 tous les artistes, \u00e0 Muriel Revollon et Sarah Vernette de nous avoir invit\u00e9s en pays de Pouasie, et \u00e0 Magali Revest qui nous a guid\u00e9s dans cette d\u00e9ambulation avec ses mots de craie sous nos pas.<\/span><\/p>\n<p><span style=\"font-family: verdana,geneva,sans-serif; font-size: 10pt;\">Avec Sabine Venaruzzo, Inbal Ben Haim, Emmanuelle Pepin, Debos Olivier, Fatiha Sadek Conteuse, Paul Laurent, David Amar, Davy Sur, Marc Alexandre Oho Bambe, Alain Larribet<\/span><\/p>\n<p>&nbsp;<\/p>\n<p>12 mars 2017<\/p>\n<p>&nbsp;<\/p>\n<p>&nbsp;<\/p>\n<p>[\/et_pb_text][et_pb_post_nav admin_label=\u00a0\u00bbNavigation dans les posts\u00a0\u00bb in_same_term=\u00a0\u00bboff\u00a0\u00bb hide_prev=\u00a0\u00bboff\u00a0\u00bb hide_next=\u00a0\u00bboff\u00a0\u00bb use_border_color=\u00a0\u00bboff\u00a0\u00bb border_color=\u00a0\u00bb#ffffff\u00a0\u00bb border_style=\u00a0\u00bbsolid\u00a0\u00bb] [\/et_pb_post_nav][\/et_pb_column][\/et_pb_row][\/et_pb_section]<\/p>\n","protected":false},"excerpt":{"rendered":"<p>Inbal Ben Haim, elle dansait sur sa corde et le papier acrobate chantait l&rsquo;orage, la mer et les galets (j&rsquo;ai pr\u00e9cieusement gard\u00e9 le confetti qu&rsquo;elle m&rsquo;a offert). J&rsquo;ai \u00e9t\u00e9 touch\u00e9e par la fuite en avant d&rsquo;Emmanuelle P\u00e9pin et Olivier Debos, l&rsquo;expression des corps et des visages. Paul Laurent, trop loin perdu dans le noir, je [&hellip;]<\/p>\n","protected":false},"author":1,"featured_media":0,"comment_status":"open","ping_status":"open","sticky":false,"template":"","format":"standard","meta":{"_et_pb_use_builder":"on","_et_pb_old_content":"<p><iframe src=\"\/\/player.vimeo.com\/video\/207995191?title=0&amp;byline=0\" width=\"640\" height=\"360\" frameborder=\"0\" allowfullscreen=\"allowfullscreen\"><\/iframe><\/p><p><span style=\"font-family: verdana,geneva,sans-serif; font-size: 12pt;\">Avec Sabine Venaruzzo, Inbal Ben Haim, Emmanuelle Pepin, Debos Olivier, Fatiha Sadek Conteuse, Paul Laurent, David Amar, Davy Sur, Marc Alexandre Oho Bambe, Alain Larribet<br \/><br \/><\/span><\/p><p>12 mars 2017<\/p><p>\u00a0<\/p>","_et_gb_content_width":"","om_disable_all_campaigns":false,"_exactmetrics_skip_tracking":false,"_exactmetrics_sitenote_active":false,"_exactmetrics_sitenote_note":"","_exactmetrics_sitenote_category":0,"_monsterinsights_skip_tracking":false,"_monsterinsights_sitenote_active":false,"_monsterinsights_sitenote_note":"","_monsterinsights_sitenote_category":0,"footnotes":""},"categories":[14],"tags":[],"class_list":["post-2379","post","type-post","status-publish","format-standard","hentry","category-videos"],"aioseo_notices":[],"_links":{"self":[{"href":"https:\/\/voletsouvers.ovh\/index.php\/wp-json\/wp\/v2\/posts\/2379","targetHints":{"allow":["GET"]}}],"collection":[{"href":"https:\/\/voletsouvers.ovh\/index.php\/wp-json\/wp\/v2\/posts"}],"about":[{"href":"https:\/\/voletsouvers.ovh\/index.php\/wp-json\/wp\/v2\/types\/post"}],"author":[{"embeddable":true,"href":"https:\/\/voletsouvers.ovh\/index.php\/wp-json\/wp\/v2\/users\/1"}],"replies":[{"embeddable":true,"href":"https:\/\/voletsouvers.ovh\/index.php\/wp-json\/wp\/v2\/comments?post=2379"}],"version-history":[{"count":5,"href":"https:\/\/voletsouvers.ovh\/index.php\/wp-json\/wp\/v2\/posts\/2379\/revisions"}],"predecessor-version":[{"id":2385,"href":"https:\/\/voletsouvers.ovh\/index.php\/wp-json\/wp\/v2\/posts\/2379\/revisions\/2385"}],"wp:attachment":[{"href":"https:\/\/voletsouvers.ovh\/index.php\/wp-json\/wp\/v2\/media?parent=2379"}],"wp:term":[{"taxonomy":"category","embeddable":true,"href":"https:\/\/voletsouvers.ovh\/index.php\/wp-json\/wp\/v2\/categories?post=2379"},{"taxonomy":"post_tag","embeddable":true,"href":"https:\/\/voletsouvers.ovh\/index.php\/wp-json\/wp\/v2\/tags?post=2379"}],"curies":[{"name":"wp","href":"https:\/\/api.w.org\/{rel}","templated":true}]}}