{"id":2036,"date":"2016-10-24T19:01:21","date_gmt":"2016-10-24T17:01:21","guid":{"rendered":"http:\/\/voletsouvers.ovh\/?p=2036"},"modified":"2016-10-24T19:21:52","modified_gmt":"2016-10-24T17:21:52","slug":"le-tableau-dhonneur","status":"publish","type":"post","link":"https:\/\/voletsouvers.ovh\/index.php\/2016\/10\/24\/le-tableau-dhonneur\/","title":{"rendered":"Le tableau d&rsquo;honneur"},"content":{"rendered":"<p>[et_pb_section admin_label=\u00a0\u00bbsection\u00a0\u00bb][et_pb_row admin_label=\u00a0\u00bbrow\u00a0\u00bb][et_pb_column type=\u00a0\u00bb4_4&Prime;][et_pb_text admin_label=\u00a0\u00bbTexte\u00a0\u00bb background_layout=\u00a0\u00bblight\u00a0\u00bb text_orientation=\u00a0\u00bbleft\u00a0\u00bb use_border_color=\u00a0\u00bboff\u00a0\u00bb border_color=\u00a0\u00bb#ffffff\u00a0\u00bb border_style=\u00a0\u00bbsolid\u00a0\u00bb]<\/p>\n<p><span style=\"font-family: verdana,geneva,sans-serif; font-size: 12pt;\">Le premier souvenir que j&rsquo;ai de l&rsquo;\u00e9cole, c&rsquo;est la pluie.<\/span><br \/>\n<span style=\"font-family: verdana,geneva,sans-serif; font-size: 12pt;\">Rentr\u00e9e des classes = le bruit des essuie-glaces qui couinent : ouin ou ouin, ouin ou ouin.<\/span><\/p>\n<p><span style=\"font-family: verdana,geneva,sans-serif; font-size: 12pt;\">Le deuxi\u00e8me souvenir, c&rsquo;est que je pleurais autant que le ciel : ouin et ouin&#8230;<\/span><\/p>\n<p><span style=\"font-family: verdana,geneva,sans-serif; font-size: 12pt;\">Le troisi\u00e8me, c&rsquo;est le bruit de la craie sur le tableau noir qui \u00e9tait vert. <\/span><br \/>\n<span style=\"font-family: verdana,geneva,sans-serif; font-size: 12pt;\">Depuis, je d\u00e9teste le vert.<\/span><\/p>\n<p><span style=\"font-family: verdana,geneva,sans-serif; font-size: 12pt;\">Le quatri\u00e8me n&rsquo;est pas un souvenir. Comme je pleurais tous les matins \u2013 et \u00e7a fatigue, de pleurer \u2013 je dormais toutes les apr\u00e8s-midi, dans la salle pr\u00e9vue pour la sieste des petits.<\/span><br \/>\n<span style=\"font-family: verdana,geneva,sans-serif; font-size: 12pt;\">Je ne m&rsquo;en souviens pas puisque je dormais, on me l&rsquo;a racont\u00e9.<\/span><\/p>\n<p><span style=\"font-family: verdana,geneva,sans-serif; font-size: 12pt;\">Le cinqui\u00e8me, c&rsquo;est la gifle. La ma\u00eetresse avait trac\u00e9 des tirets sur mon cahier, je devais recopier quatre vers d&rsquo;une po\u00e9sie en face de chaque trait.<\/span><br \/>\n<span style=\"font-family: verdana,geneva,sans-serif; font-size: 12pt;\">J&rsquo;avais donc \u00e9crit les quatre vers apr\u00e8s les quatre premiers tirets.<\/span><br \/>\n<span style=\"font-family: verdana,geneva,sans-serif; font-size: 12pt;\">Comme il y avait quatre autres tirets align\u00e9s dessous, j&rsquo;avais recopi\u00e9 les m\u00eames vers.<\/span><br \/>\n<span style=\"font-family: verdana,geneva,sans-serif; font-size: 12pt;\">La ma\u00eetresse m&rsquo;avait houspill\u00e9e, avait d\u00e9chir\u00e9 la page de mon cahier, avait remis ses huit tirets et m&rsquo;avait demand\u00e9 de recommencer.<\/span><br \/>\n<span style=\"font-family: verdana,geneva,sans-serif; font-size: 12pt;\">J&rsquo;avais recommenc\u00e9. Huit vers.<\/span><br \/>\n<span style=\"font-family: verdana,geneva,sans-serif; font-size: 12pt;\">Elle s&rsquo;\u00e9tait \u00e9nerv\u00e9e un peu plus, avait re-d\u00e9chir\u00e9 la page, trac\u00e9 \u00e0 nouveau huit tirets.<\/span><br \/>\n<span style=\"font-family: verdana,geneva,sans-serif; font-size: 12pt;\">Je ne comprenais d\u00e9cid\u00e9ment pas ce qu&rsquo;elle voulait. Pourquoi laisser quatre tirets vides ?<\/span><br \/>\n<span style=\"font-family: verdana,geneva,sans-serif; font-size: 12pt;\">J&rsquo;avais recommenc\u00e9 \u00e0 \u00e9crire huit lignes&#8230;<\/span><br \/>\n<span style=\"font-family: verdana,geneva,sans-serif; font-size: 12pt;\">Exasp\u00e9r\u00e9e, elle m&rsquo;avait gifl\u00e9e.<\/span><\/p>\n<p><span style=\"font-family: verdana,geneva,sans-serif; font-size: 12pt;\">Le sixi\u00e8me souvenir, c&rsquo;est le rendez-vous qu&rsquo;avait pris ma m\u00e8re avec la ma\u00eetresse.<\/span><br \/>\n<span style=\"font-family: verdana,geneva,sans-serif; font-size: 12pt;\">La dame m&rsquo;avait fait un grand sourire et avait agit\u00e9 sous mon nez un papier rose p\u00e2le en disant : <\/span><br \/>\n<span style=\"font-family: verdana,geneva,sans-serif; font-size: 12pt;\">&#8211; Regarde, Colette, tu es une bonne \u00e9l\u00e8ve.<\/span><br \/>\n<span style=\"font-family: verdana,geneva,sans-serif; font-size: 12pt;\">Le rendez-vous n&rsquo;avait peut-\u00eatre rien \u00e0 voir avec la gifle ?<\/span><br \/>\n<span style=\"font-family: verdana,geneva,sans-serif; font-size: 12pt;\">Il s&rsquo;\u00e9tait peut-\u00eatre pass\u00e9 plusieurs jours depuis cette histoire ? Il s&rsquo;\u00e9tait peut-\u00eatre pass\u00e9 un trimestre ? <\/span><br \/>\n<span style=\"font-family: verdana,geneva,sans-serif; font-size: 12pt;\">Il n&#8217;emp\u00eache. J&rsquo;ai toujours eu le sentiment qu&rsquo;elle nous avait achet\u00e9es, ma m\u00e8re et moi, avec ce tableau d&rsquo;honneur.<\/span><\/p>\n<p>&nbsp;<\/p>\n<p><span style=\"font-family: verdana,geneva,sans-serif; font-size: 10pt;\">24 octobre 2016<\/span><\/p>\n<p>[\/et_pb_text][et_pb_post_nav admin_label=\u00a0\u00bbNavigation dans les posts\u00a0\u00bb in_same_term=\u00a0\u00bboff\u00a0\u00bb hide_prev=\u00a0\u00bboff\u00a0\u00bb hide_next=\u00a0\u00bboff\u00a0\u00bb use_border_color=\u00a0\u00bboff\u00a0\u00bb border_color=\u00a0\u00bb#ffffff\u00a0\u00bb border_style=\u00a0\u00bbsolid\u00a0\u00bb] [\/et_pb_post_nav][\/et_pb_column][\/et_pb_row][\/et_pb_section]<\/p>\n","protected":false},"excerpt":{"rendered":"<p>Le premier souvenir que j&rsquo;ai de l&rsquo;\u00e9cole, c&rsquo;est la pluie. Rentr\u00e9e des classes = le bruit des essuie-glaces qui couinent : ouin ou ouin, ouin ou ouin. Le deuxi\u00e8me souvenir, c&rsquo;est que je pleurais autant que le ciel : ouin et ouin&#8230; Le troisi\u00e8me, c&rsquo;est le bruit de la craie sur le tableau noir qui [&hellip;]<\/p>\n","protected":false},"author":1,"featured_media":0,"comment_status":"open","ping_status":"open","sticky":false,"template":"","format":"standard","meta":{"_et_pb_use_builder":"on","_et_pb_old_content":"<p><span style=\"font-family: verdana,geneva,sans-serif; font-size: 12pt;\">Le premier souvenir que j'ai de l'\u00e9cole, c'est la pluie.<\/span><br \/><span style=\"font-family: verdana,geneva,sans-serif; font-size: 12pt;\">Rentr\u00e9e des classes = le bruit des essuie-glaces qui couinent : ouin ou ouin, ouin ou ouin.<\/span><br \/><br \/><span style=\"font-family: verdana,geneva,sans-serif; font-size: 12pt;\">Le deuxi\u00e8me souvenir, c'est que je pleurais autant que le ciel : ouin et ouin...<\/span><br \/><br \/><span style=\"font-family: verdana,geneva,sans-serif; font-size: 12pt;\">Le troisi\u00e8me, c'est le bruit de la craie sur le tableau noir qui \u00e9tait vert. <\/span><br \/><span style=\"font-family: verdana,geneva,sans-serif; font-size: 12pt;\">Depuis, je d\u00e9teste le vert.<\/span><br \/><br \/><span style=\"font-family: verdana,geneva,sans-serif; font-size: 12pt;\">Le quatri\u00e8me n'est pas un souvenir. Comme je pleurais tous les matins \u2013 et \u00e7a fatigue, de pleurer \u2013<\/span><br \/><span style=\"font-family: verdana,geneva,sans-serif; font-size: 12pt;\">je dormais toutes les apr\u00e8s-midi, dans la salle pr\u00e9vue pour la sieste des petits.<\/span><br \/><span style=\"font-family: verdana,geneva,sans-serif; font-size: 12pt;\">Je ne m'en souviens pas puisque je dormais, on me l'a racont\u00e9.<\/span><br \/><br \/><span style=\"font-family: verdana,geneva,sans-serif; font-size: 12pt;\">Le cinqui\u00e8me, c'est la gifle. La ma\u00eetresse avait trac\u00e9 des tirets sur mon cahier, je devais recopier quatre vers d'une po\u00e9sie en face de chaque trait.<\/span><br \/><span style=\"font-family: verdana,geneva,sans-serif; font-size: 12pt;\">J'avais donc \u00e9crit les quatre vers en face des quatre premiers tirets.<\/span><br \/><span style=\"font-family: verdana,geneva,sans-serif; font-size: 12pt;\">Comme il y avait quatre autres tirets align\u00e9s dessous, j'avais recopi\u00e9 les m\u00eames vers en face.<\/span><br \/><span style=\"font-family: verdana,geneva,sans-serif; font-size: 12pt;\">La ma\u00eetresse m'avait houspill\u00e9e, avait d\u00e9chir\u00e9 la page de mon cahier, avait remis ses huit tirets et m'avait demand\u00e9 de recommencer.<\/span><br \/><span style=\"font-family: verdana,geneva,sans-serif; font-size: 12pt;\">J'avais recommenc\u00e9. Huit vers.<\/span><br \/><span style=\"font-family: verdana,geneva,sans-serif; font-size: 12pt;\">Elle s'\u00e9tait \u00e9nerv\u00e9e un peu plus, avait re-d\u00e9chir\u00e9 la page, trac\u00e9 \u00e0 nouveau huit tirets.<\/span><br \/><span style=\"font-family: verdana,geneva,sans-serif; font-size: 12pt;\">Je ne comprenais d\u00e9cid\u00e9ment pas ce qu'elle voulait. Pourquoi laisser quatre tirets vides ?<\/span><br \/><span style=\"font-family: verdana,geneva,sans-serif; font-size: 12pt;\">J'avais recommenc\u00e9 \u00e0 \u00e9crire huit lignes...<\/span><br \/><span style=\"font-family: verdana,geneva,sans-serif; font-size: 12pt;\">Exasp\u00e9r\u00e9e, elle m'avait gifl\u00e9e.<\/span><br \/><br \/><span style=\"font-family: verdana,geneva,sans-serif; font-size: 12pt;\">Le sixi\u00e8me souvenir, c'est le rendez-vous qu'avait pris ma m\u00e8re avec la ma\u00eetresse.<\/span><br \/><span style=\"font-family: verdana,geneva,sans-serif; font-size: 12pt;\">La dame m'avait fait un grand sourire et avait agit\u00e9 sous mon nez un papier rose p\u00e2le en disant : <\/span><br \/><span style=\"font-family: verdana,geneva,sans-serif; font-size: 12pt;\">- Regarde, Colette, tu es une bonne \u00e9l\u00e8ve.<\/span><br \/><span style=\"font-family: verdana,geneva,sans-serif; font-size: 12pt;\">Le rendez-vous n'avait peut-\u00eatre rien \u00e0 voir avec la gifle ?<\/span><br \/><span style=\"font-family: verdana,geneva,sans-serif; font-size: 12pt;\">Il s'\u00e9tait peut-\u00eatre pass\u00e9 plusieurs jours depuis cette histoire ? Il s'\u00e9tait peut-\u00eatre pass\u00e9 un trimestre ? <\/span><br \/><span style=\"font-family: verdana,geneva,sans-serif; font-size: 12pt;\">Il n'emp\u00eache. J'ai toujours eu le sentiment qu'elle nous avait achet\u00e9es, ma m\u00e8re et moi, avec ce tableau d'honneur.<\/span><br \/><br \/><br \/><\/p><p><span style=\"font-family: verdana,geneva,sans-serif; font-size: 10pt;\">24 octobre 2016<\/span><\/p>","_et_gb_content_width":"","om_disable_all_campaigns":false,"_exactmetrics_skip_tracking":false,"_exactmetrics_sitenote_active":false,"_exactmetrics_sitenote_note":"","_exactmetrics_sitenote_category":0,"_monsterinsights_skip_tracking":false,"_monsterinsights_sitenote_active":false,"_monsterinsights_sitenote_note":"","_monsterinsights_sitenote_category":0,"footnotes":""},"categories":[16],"tags":[],"class_list":["post-2036","post","type-post","status-publish","format-standard","hentry","category-chroniques"],"aioseo_notices":[],"_links":{"self":[{"href":"https:\/\/voletsouvers.ovh\/index.php\/wp-json\/wp\/v2\/posts\/2036","targetHints":{"allow":["GET"]}}],"collection":[{"href":"https:\/\/voletsouvers.ovh\/index.php\/wp-json\/wp\/v2\/posts"}],"about":[{"href":"https:\/\/voletsouvers.ovh\/index.php\/wp-json\/wp\/v2\/types\/post"}],"author":[{"embeddable":true,"href":"https:\/\/voletsouvers.ovh\/index.php\/wp-json\/wp\/v2\/users\/1"}],"replies":[{"embeddable":true,"href":"https:\/\/voletsouvers.ovh\/index.php\/wp-json\/wp\/v2\/comments?post=2036"}],"version-history":[{"count":7,"href":"https:\/\/voletsouvers.ovh\/index.php\/wp-json\/wp\/v2\/posts\/2036\/revisions"}],"predecessor-version":[{"id":2043,"href":"https:\/\/voletsouvers.ovh\/index.php\/wp-json\/wp\/v2\/posts\/2036\/revisions\/2043"}],"wp:attachment":[{"href":"https:\/\/voletsouvers.ovh\/index.php\/wp-json\/wp\/v2\/media?parent=2036"}],"wp:term":[{"taxonomy":"category","embeddable":true,"href":"https:\/\/voletsouvers.ovh\/index.php\/wp-json\/wp\/v2\/categories?post=2036"},{"taxonomy":"post_tag","embeddable":true,"href":"https:\/\/voletsouvers.ovh\/index.php\/wp-json\/wp\/v2\/tags?post=2036"}],"curies":[{"name":"wp","href":"https:\/\/api.w.org\/{rel}","templated":true}]}}