{"id":2019,"date":"2016-10-12T11:48:37","date_gmt":"2016-10-12T09:48:37","guid":{"rendered":"http:\/\/voletsouvers.ovh\/?p=2019"},"modified":"2018-05-29T02:03:11","modified_gmt":"2018-05-29T00:03:11","slug":"lor-saisons","status":"publish","type":"post","link":"https:\/\/voletsouvers.ovh\/index.php\/2016\/10\/12\/lor-saisons\/","title":{"rendered":"L&rsquo;or saisons"},"content":{"rendered":"<p>[et_pb_section admin_label=\u00a0\u00bbsection\u00a0\u00bb][et_pb_row admin_label=\u00a0\u00bbrow\u00a0\u00bb][et_pb_column type=\u00a0\u00bb4_4&Prime;][et_pb_text admin_label=\u00a0\u00bbTexte\u00a0\u00bb background_layout=\u00a0\u00bblight\u00a0\u00bb text_orientation=\u00a0\u00bbleft\u00a0\u00bb use_border_color=\u00a0\u00bboff\u00a0\u00bb border_color=\u00a0\u00bb#ffffff\u00a0\u00bb border_style=\u00a0\u00bbsolid\u00a0\u00bb]<\/p>\n<p><span style=\"font-family: verdana,geneva,sans-serif; font-size: 12pt;\">Il appartient \u00e0 la constellation du givre<\/span><br \/>\n<span style=\"font-family: verdana,geneva,sans-serif; font-size: 12pt;\">Qui fleurit chaque matin d&rsquo;hiver sous les pas<\/span><br \/>\n<span style=\"font-family: verdana,geneva,sans-serif; font-size: 12pt;\">Il appartient au soleil<\/span><br \/>\n<span style=\"font-family: verdana,geneva,sans-serif; font-size: 12pt;\">Qui goutte apr\u00e8s la pluie<\/span><br \/>\n<span style=\"font-family: verdana,geneva,sans-serif; font-size: 12pt;\">Sur l&rsquo;\u00e9t\u00e9 d&rsquo;un chemin<\/span><br \/>\n<span style=\"font-family: verdana,geneva,sans-serif; font-size: 12pt;\">Il appartient au souffle soyeux de l&rsquo;air<\/span><br \/>\n<span style=\"font-family: verdana,geneva,sans-serif; font-size: 12pt;\">Lorsque cille une branche <\/span><br \/>\n<span style=\"font-family: verdana,geneva,sans-serif; font-size: 12pt;\">Prise dans l&rsquo;aile du vent<\/span><\/p>\n<p><span style=\"font-family: verdana,geneva,sans-serif; font-size: 12pt;\">Il appartient aux \u00e9toiles<\/span><br \/>\n<span style=\"font-family: verdana, geneva, sans-serif; font-size: 12pt;\">\u00e0\u00a0 l&rsquo;\u00e9t\u00e9<\/span><br \/>\n<span style=\"font-family: verdana,geneva,sans-serif; font-size: 12pt;\"> \u00e0 l&rsquo;hiver<\/span><br \/>\n<span style=\"font-family: verdana,geneva,sans-serif; font-size: 12pt;\">\u00e0 l&rsquo;or des saisons qu&rsquo;il habite<br \/>\nLangues patientes des troupeaux<\/span><br \/>\n<span style=\"font-family: verdana,geneva,sans-serif; font-size: 12pt;\">\u00c0 faire fondre le sel des pierres<\/span><\/p>\n<p>&nbsp;<\/p>\n<p><span style=\"font-family: verdana,geneva,sans-serif;\">12 octobre 2016<\/span><\/p>\n<p>[\/et_pb_text][et_pb_post_nav admin_label=\u00a0\u00bbNavigation dans les posts\u00a0\u00bb in_same_term=\u00a0\u00bboff\u00a0\u00bb hide_prev=\u00a0\u00bboff\u00a0\u00bb hide_next=\u00a0\u00bboff\u00a0\u00bb use_border_color=\u00a0\u00bboff\u00a0\u00bb border_color=\u00a0\u00bb#ffffff\u00a0\u00bb border_style=\u00a0\u00bbsolid\u00a0\u00bb] [\/et_pb_post_nav][\/et_pb_column][\/et_pb_row][\/et_pb_section]<\/p>\n","protected":false},"excerpt":{"rendered":"<p>Il appartient \u00e0 la constellation du givre Qui fleurit chaque matin d&rsquo;hiver sous les pas Il appartient au soleil Qui goutte apr\u00e8s la pluie Sur l&rsquo;\u00e9t\u00e9 d&rsquo;un chemin Il appartient au souffle soyeux de l&rsquo;air Lorsque cille une branche Prise dans l&rsquo;aile du vent Il appartient aux \u00e9toiles \u00e0\u00a0 l&rsquo;\u00e9t\u00e9 \u00e0 l&rsquo;hiver \u00e0 l&rsquo;or des [&hellip;]<\/p>\n","protected":false},"author":1,"featured_media":0,"comment_status":"open","ping_status":"open","sticky":false,"template":"","format":"standard","meta":{"_et_pb_use_builder":"on","_et_pb_old_content":"<p><span style=\"font-family: verdana,geneva,sans-serif; font-size: 12pt;\">Il appartient \u00e0 la constellation du givre<\/span><br \/><span style=\"font-family: verdana,geneva,sans-serif; font-size: 12pt;\">Qui fleurit chaque matin d'hiver sous les pas<\/span><br \/><span style=\"font-family: verdana,geneva,sans-serif; font-size: 12pt;\">Il appartient au soleil<\/span><br \/><span style=\"font-family: verdana,geneva,sans-serif; font-size: 12pt;\">Qui goutte apr\u00e8s la pluie<\/span><br \/><span style=\"font-family: verdana,geneva,sans-serif; font-size: 12pt;\">Sur l'\u00e9t\u00e9 d'un chemin<\/span><br \/><span style=\"font-family: verdana,geneva,sans-serif; font-size: 12pt;\">Il appartient au souffle soyeux de l'air<\/span><br \/><span style=\"font-family: verdana,geneva,sans-serif; font-size: 12pt;\">Lorsque cille une branche <\/span><br \/><span style=\"font-family: verdana,geneva,sans-serif; font-size: 12pt;\">Prise dans l'aile du vent<\/span><br \/><br \/><span style=\"font-family: verdana,geneva,sans-serif; font-size: 12pt;\">J'ai peut-\u00eatre tout fig\u00e9<\/span><br \/><span style=\"font-family: verdana,geneva,sans-serif; font-size: 12pt;\">Le vent<\/span><br \/><span style=\"font-family: verdana,geneva,sans-serif; font-size: 12pt;\">L'\u00e9t\u00e9<\/span><br \/><span style=\"font-family: verdana,geneva,sans-serif; font-size: 12pt;\">L'hiver<\/span><br \/><span style=\"font-family: verdana,geneva,sans-serif; font-size: 12pt;\">L'or des saisons qu'il habite<\/span><br \/><br \/><span style=\"font-family: verdana,geneva,sans-serif; font-size: 12pt;\">Langues patientes des troupeaux<\/span><br \/><span style=\"font-family: verdana,geneva,sans-serif; font-size: 12pt;\">\u00c0 faire fondre le sel des pierres<\/span><br \/><br \/><br \/><span style=\"font-family: verdana,geneva,sans-serif;\">12 octobre 2016<\/span><\/p>","_et_gb_content_width":"","om_disable_all_campaigns":false,"_exactmetrics_skip_tracking":false,"_exactmetrics_sitenote_active":false,"_exactmetrics_sitenote_note":"","_exactmetrics_sitenote_category":0,"_monsterinsights_skip_tracking":false,"_monsterinsights_sitenote_active":false,"_monsterinsights_sitenote_note":"","_monsterinsights_sitenote_category":0,"footnotes":""},"categories":[25],"tags":[],"class_list":["post-2019","post","type-post","status-publish","format-standard","hentry","category-dixieme-volet"],"aioseo_notices":[],"_links":{"self":[{"href":"https:\/\/voletsouvers.ovh\/index.php\/wp-json\/wp\/v2\/posts\/2019","targetHints":{"allow":["GET"]}}],"collection":[{"href":"https:\/\/voletsouvers.ovh\/index.php\/wp-json\/wp\/v2\/posts"}],"about":[{"href":"https:\/\/voletsouvers.ovh\/index.php\/wp-json\/wp\/v2\/types\/post"}],"author":[{"embeddable":true,"href":"https:\/\/voletsouvers.ovh\/index.php\/wp-json\/wp\/v2\/users\/1"}],"replies":[{"embeddable":true,"href":"https:\/\/voletsouvers.ovh\/index.php\/wp-json\/wp\/v2\/comments?post=2019"}],"version-history":[{"count":4,"href":"https:\/\/voletsouvers.ovh\/index.php\/wp-json\/wp\/v2\/posts\/2019\/revisions"}],"predecessor-version":[{"id":2966,"href":"https:\/\/voletsouvers.ovh\/index.php\/wp-json\/wp\/v2\/posts\/2019\/revisions\/2966"}],"wp:attachment":[{"href":"https:\/\/voletsouvers.ovh\/index.php\/wp-json\/wp\/v2\/media?parent=2019"}],"wp:term":[{"taxonomy":"category","embeddable":true,"href":"https:\/\/voletsouvers.ovh\/index.php\/wp-json\/wp\/v2\/categories?post=2019"},{"taxonomy":"post_tag","embeddable":true,"href":"https:\/\/voletsouvers.ovh\/index.php\/wp-json\/wp\/v2\/tags?post=2019"}],"curies":[{"name":"wp","href":"https:\/\/api.w.org\/{rel}","templated":true}]}}