{"id":1889,"date":"2016-07-31T18:10:31","date_gmt":"2016-07-31T16:10:31","guid":{"rendered":"http:\/\/voletsouvers.ovh\/?p=1889"},"modified":"2016-07-31T18:19:33","modified_gmt":"2016-07-31T16:19:33","slug":"racines-2","status":"publish","type":"post","link":"https:\/\/voletsouvers.ovh\/index.php\/2016\/07\/31\/racines-2\/","title":{"rendered":"Racine(s)"},"content":{"rendered":"<p>[et_pb_section admin_label=\u00a0\u00bbsection\u00a0\u00bb][et_pb_row admin_label=\u00a0\u00bbrow\u00a0\u00bb][et_pb_column type=\u00a0\u00bb4_4&Prime;][et_pb_text admin_label=\u00a0\u00bbTexte\u00a0\u00bb background_layout=\u00a0\u00bblight\u00a0\u00bb text_orientation=\u00a0\u00bbleft\u00a0\u00bb use_border_color=\u00a0\u00bboff\u00a0\u00bb border_color=\u00a0\u00bb#ffffff\u00a0\u00bb border_style=\u00a0\u00bbsolid\u00a0\u00bb]<\/p>\n<p><iframe loading=\"lazy\" src=\"\/\/player.vimeo.com\/video\/176933588?title=0&amp;amp;byline=0\" width=\"640\" height=\"360\" frameborder=\"0\" allowfullscreen=\"allowfullscreen\"><\/iframe><\/p>\n<p><a href=\"https:\/\/vimeo.com\/176933588\">Racine(s)<\/a> from <a href=\"https:\/\/vimeo.com\/user11192057\">C. Daviles-Estin\u00e8s<\/a> on <a href=\"https:\/\/vimeo.com\">Vimeo<\/a>.<\/p>\n<p><span style=\"font-family: verdana,geneva,sans-serif; font-size: 12pt;\">Elle.<\/span><br \/>\n<span style=\"font-family: verdana,geneva,sans-serif; font-size: 12pt;\">Elle est n\u00e9e de cette terre.<\/span><br \/>\n<span style=\"font-family: verdana,geneva,sans-serif; font-size: 12pt;\">Et cette terre est dans sa valise.<\/span><br \/>\n<span style=\"font-family: verdana,geneva,sans-serif; font-size: 12pt;\">Dans une main elle la tient et dans l\u2019autre : elle serre une corde.<\/span><br \/>\n<span style=\"font-family: verdana,geneva,sans-serif; font-size: 12pt;\">Elle la serre, elle l\u2019attrape, elle la perd et elle l\u2019accroche.<\/span><br \/>\n<span style=\"font-family: verdana,geneva,sans-serif; font-size: 12pt;\">Comme dans une qu\u00eate d\u2019 identit\u00e9 et de questionnement sur ses racines, cette jeune<\/span><br \/>\n<span style=\"font-family: verdana,geneva,sans-serif; font-size: 12pt;\">femme joue d\u2019une corde comme de son lien \u00e0 sa terre patrie : entre prise et l\u00e2cher<\/span><br \/>\n<span style=\"font-family: verdana,geneva,sans-serif; font-size: 12pt;\">prise, entre pieds sur terre et pieds en l\u2019air, entre t\u00eate qui tombe et mains qui<\/span><br \/>\n<span style=\"font-family: verdana,geneva,sans-serif; font-size: 12pt;\">s\u2019ouvrent .<\/span><br \/>\n<span style=\"font-family: verdana,geneva,sans-serif; font-size: 12pt;\">Elle trace sa vie en mouvements d\u00e9saccord\u00e9s dans un souffle m\u00eal\u00e9 de rires \u00e9trangers.<\/span><br \/>\n<span style=\"font-family: verdana,geneva,sans-serif; font-size: 12pt;\">Sa terre valise suit le parcours comme un chant lointain suspendu,<\/span><br \/>\n<span style=\"font-family: verdana,geneva,sans-serif; font-size: 12pt;\">puis s\u2019ouvre, puis tombe et prend racine \u00e0 nouveau.<\/span><br \/>\n<span style=\"font-family: verdana,geneva,sans-serif; font-size: 12pt;\">Les pieds sur terre.<\/span><\/p>\n<p><span style=\"font-family: verdana,geneva,sans-serif; font-size: 12pt;\">DISTRIBUTION<\/span><\/p>\n<p><span style=\"font-family: verdana,geneva,sans-serif; font-size: 12pt;\">Ecriture et interpr\u00e9tation \/ corde lisse : Inbal Ben-Ha\u00efm<br \/>\nCr\u00e9ation et interpr\u00e9tation \/ univers sonore et musical : David Amar<br \/>\nMise en sc\u00e8ne et direction d\u2019acteurs : Jean-Jacques Minazio<\/span><br \/>\n<span style=\"font-family: verdana,geneva,sans-serif; font-size: 12pt;\">Production : L\u2019attraction \u2013 Soutien en r\u00e9sidence : Ville de Puget-th\u00e9niers<\/span><\/p>\n<p>&nbsp;<\/p>\n<p>Spectacle du 30 juillet 2016<\/p>\n<p>&nbsp;<\/p>\n<p>[\/et_pb_text][et_pb_post_nav admin_label=\u00a0\u00bbNavigation dans les posts\u00a0\u00bb in_same_term=\u00a0\u00bboff\u00a0\u00bb hide_prev=\u00a0\u00bboff\u00a0\u00bb hide_next=\u00a0\u00bboff\u00a0\u00bb use_border_color=\u00a0\u00bboff\u00a0\u00bb border_color=\u00a0\u00bb#ffffff\u00a0\u00bb border_style=\u00a0\u00bbsolid\u00a0\u00bb] [\/et_pb_post_nav][\/et_pb_column][\/et_pb_row][\/et_pb_section]<\/p>\n","protected":false},"excerpt":{"rendered":"<p>Racine(s) from C. Daviles-Estin\u00e8s on Vimeo. Elle. Elle est n\u00e9e de cette terre. Et cette terre est dans sa valise. Dans une main elle la tient et dans l\u2019autre : elle serre une corde. Elle la serre, elle l\u2019attrape, elle la perd et elle l\u2019accroche. Comme dans une qu\u00eate d\u2019 identit\u00e9 et de questionnement sur [&hellip;]<\/p>\n","protected":false},"author":1,"featured_media":0,"comment_status":"open","ping_status":"open","sticky":false,"template":"","format":"standard","meta":{"_et_pb_use_builder":"on","_et_pb_old_content":"<p><iframe src=\"\/\/player.vimeo.com\/video\/176933588?title=0&byline=0\" width=\"640\" height=\"360\" frameborder=\"0\" allowfullscreen=\"allowfullscreen\"><\/iframe><\/p><p><a href=\"https:\/\/vimeo.com\/176933588\">Racine(s)<\/a> from <a href=\"https:\/\/vimeo.com\/user11192057\">C. Daviles-Estin\u00e8s<\/a> on <a href=\"https:\/\/vimeo.com\">Vimeo<\/a>.<\/p><p><span style=\"font-family: verdana,geneva,sans-serif; font-size: 12pt;\">Ecriture et interpr\u00e9tation \/ corde lisse : Inbal Ben-Ha\u00efm \u2013 Cr\u00e9ation et interpr\u00e9tation \/ univers sonore et musical : David Amar Mise en sc\u00e8ne et direction d\u2019acteurs : Jean-Jacques Minazio<\/span><\/p><p><span style=\"font-family: verdana,geneva,sans-serif; font-size: 12pt;\">Elle.<\/span><br \/><span style=\"font-family: verdana,geneva,sans-serif; font-size: 12pt;\">Elle est n\u00e9e de cette terre.<\/span><br \/><span style=\"font-family: verdana,geneva,sans-serif; font-size: 12pt;\">Et cette terre est dans sa valise.<\/span><br \/><span style=\"font-family: verdana,geneva,sans-serif; font-size: 12pt;\">Dans une main elle la tient et dans l\u2019autre : elle serre une corde.<\/span><br \/><span style=\"font-family: verdana,geneva,sans-serif; font-size: 12pt;\">Elle la serre, elle l\u2019attrape, elle la perd et elle l\u2019accroche.<\/span><br \/><span style=\"font-family: verdana,geneva,sans-serif; font-size: 12pt;\">Comme dans une qu\u00eate d\u2019 identit\u00e9 et de questionnement sur ses racines, cette jeune<\/span><br \/><span style=\"font-family: verdana,geneva,sans-serif; font-size: 12pt;\">femme joue d\u2019une corde comme de son lien \u00e0 sa terre patrie : entre prise et l\u00e2cher<\/span><br \/><span style=\"font-family: verdana,geneva,sans-serif; font-size: 12pt;\">prise, entre pieds sur terre et pieds en l\u2019air, entre t\u00eate qui tombe et mains qui<\/span><br \/><span style=\"font-family: verdana,geneva,sans-serif; font-size: 12pt;\">s\u2019ouvrent .<\/span><br \/><span style=\"font-family: verdana,geneva,sans-serif; font-size: 12pt;\">Elle trace sa vie en mouvements d\u00e9saccord\u00e9s dans un souffle m\u00eal\u00e9 de rires \u00e9trangers.<\/span><br \/><span style=\"font-family: verdana,geneva,sans-serif; font-size: 12pt;\">Sa terre valise suit le parcours comme un chant lointain suspendu,<\/span><br \/><span style=\"font-family: verdana,geneva,sans-serif; font-size: 12pt;\">puis s\u2019ouvre, puis tombe et prend racine \u00e0 nouveau.<\/span><br \/><span style=\"font-family: verdana,geneva,sans-serif; font-size: 12pt;\">Les pieds sur terre.<\/span><br \/><br \/><span style=\"font-family: verdana,geneva,sans-serif; font-size: 12pt;\">DISTRIBUTION<\/span><br \/><br \/><span style=\"font-family: verdana,geneva,sans-serif; font-size: 12pt;\">Ecriture et interpr\u00e9tation \/ corde lisse : Inbal Ben-Ha\u00efm \u2013 Cr\u00e9ation et interpr\u00e9tation \/ univers sonore et musical : David Amar Mise en sc\u00e8ne et direction d\u2019acteurs : Jean-Jacques Minazio<\/span><br \/><span style=\"font-family: verdana,geneva,sans-serif; font-size: 12pt;\">Production : L\u2019attraction \u2013 Soutien en r\u00e9sidence : Ville de Puget-th\u00e9niers<\/span><\/p><p>\u00a0<\/p><p>Spectacle du 30 juillet 2016<\/p><p>\u00a0<\/p>","_et_gb_content_width":"","om_disable_all_campaigns":false,"_exactmetrics_skip_tracking":false,"_exactmetrics_sitenote_active":false,"_exactmetrics_sitenote_note":"","_exactmetrics_sitenote_category":0,"_monsterinsights_skip_tracking":false,"_monsterinsights_sitenote_active":false,"_monsterinsights_sitenote_note":"","_monsterinsights_sitenote_category":0,"footnotes":""},"categories":[23,14],"tags":[],"class_list":["post-1889","post","type-post","status-publish","format-standard","hentry","category-neuvieme-volet","category-videos"],"aioseo_notices":[],"_links":{"self":[{"href":"https:\/\/voletsouvers.ovh\/index.php\/wp-json\/wp\/v2\/posts\/1889","targetHints":{"allow":["GET"]}}],"collection":[{"href":"https:\/\/voletsouvers.ovh\/index.php\/wp-json\/wp\/v2\/posts"}],"about":[{"href":"https:\/\/voletsouvers.ovh\/index.php\/wp-json\/wp\/v2\/types\/post"}],"author":[{"embeddable":true,"href":"https:\/\/voletsouvers.ovh\/index.php\/wp-json\/wp\/v2\/users\/1"}],"replies":[{"embeddable":true,"href":"https:\/\/voletsouvers.ovh\/index.php\/wp-json\/wp\/v2\/comments?post=1889"}],"version-history":[{"count":2,"href":"https:\/\/voletsouvers.ovh\/index.php\/wp-json\/wp\/v2\/posts\/1889\/revisions"}],"predecessor-version":[{"id":1891,"href":"https:\/\/voletsouvers.ovh\/index.php\/wp-json\/wp\/v2\/posts\/1889\/revisions\/1891"}],"wp:attachment":[{"href":"https:\/\/voletsouvers.ovh\/index.php\/wp-json\/wp\/v2\/media?parent=1889"}],"wp:term":[{"taxonomy":"category","embeddable":true,"href":"https:\/\/voletsouvers.ovh\/index.php\/wp-json\/wp\/v2\/categories?post=1889"},{"taxonomy":"post_tag","embeddable":true,"href":"https:\/\/voletsouvers.ovh\/index.php\/wp-json\/wp\/v2\/tags?post=1889"}],"curies":[{"name":"wp","href":"https:\/\/api.w.org\/{rel}","templated":true}]}}