{"id":1765,"date":"2016-06-04T00:33:22","date_gmt":"2016-06-03T22:33:22","guid":{"rendered":"http:\/\/voletsouvers.ovh\/?p=1765"},"modified":"2016-06-04T00:45:34","modified_gmt":"2016-06-03T22:45:34","slug":"la-demoiselle-et-caetera","status":"publish","type":"post","link":"https:\/\/voletsouvers.ovh\/index.php\/2016\/06\/04\/la-demoiselle-et-caetera\/","title":{"rendered":"La Demoiselle Et C\u00e6tera"},"content":{"rendered":"<p>[et_pb_section admin_label=\u00a0\u00bbsection\u00a0\u00bb][et_pb_row admin_label=\u00a0\u00bbrow\u00a0\u00bb][et_pb_column type=\u00a0\u00bb4_4&Prime;][et_pb_text admin_label=\u00a0\u00bbTexte\u00a0\u00bb background_layout=\u00a0\u00bblight\u00a0\u00bb text_orientation=\u00a0\u00bbleft\u00a0\u00bb use_border_color=\u00a0\u00bboff\u00a0\u00bb border_color=\u00a0\u00bb#ffffff\u00a0\u00bb border_style=\u00a0\u00bbsolid\u00a0\u00bb]<\/p>\n<p><iframe loading=\"lazy\" src=\"\/\/player.vimeo.com\/video\/169300092?title=0&amp;amp;byline=0\" width=\"640\" height=\"360\" frameborder=\"0\" allowfullscreen=\"allowfullscreen\"><\/iframe><\/p>\n<p><a href=\"https:\/\/vimeo.com\/169300092\">La Demoiselle et c\u00e6tera. La Providence.<\/a> from <a href=\"https:\/\/vimeo.com\/user11192057\">C. Daviles-Estin\u00e8s<\/a> on <a href=\"https:\/\/vimeo.com\">Vimeo<\/a>.<\/p>\n<p><span style=\"font-family: verdana,geneva,sans-serif; font-size: 12pt;\">Lundi 16 mai 2016<\/span><br \/>\n<span style=\"font-family: verdana,geneva,sans-serif; font-size: 12pt;\"> Centre Culturel de la Providence \/ La Semeuse<\/span><br \/>\n<span style=\"font-family: verdana,geneva,sans-serif; font-size: 12pt;\"> La Demoiselle Et C\u00e6tera est la forme \u00ab\u00a0spectaculaire\u00a0\u00bb de la po\u00e9sie de Sabine Venaruzzo. Elle fait appel au th\u00e9\u00e2tre, au chant, \u00e0 la musique et \u00e0 l\u2019improvisation. <\/span><\/p>\n<p><span style=\"font-family: verdana,geneva,sans-serif; font-size: 10pt;\">4 juin 2016<\/span><\/p>\n<p>[\/et_pb_text][et_pb_post_nav admin_label=\u00a0\u00bbNavigation dans les posts\u00a0\u00bb in_same_term=\u00a0\u00bbon\u00a0\u00bb hide_prev=\u00a0\u00bboff\u00a0\u00bb hide_next=\u00a0\u00bboff\u00a0\u00bb use_border_color=\u00a0\u00bboff\u00a0\u00bb border_color=\u00a0\u00bb#ffffff\u00a0\u00bb border_style=\u00a0\u00bbsolid\u00a0\u00bb] [\/et_pb_post_nav][\/et_pb_column][\/et_pb_row][\/et_pb_section]<\/p>\n","protected":false},"excerpt":{"rendered":"<p>La Demoiselle et c\u00e6tera. La Providence. from C. Daviles-Estin\u00e8s on Vimeo. Lundi 16 mai 2016 Centre Culturel de la Providence \/ La Semeuse La Demoiselle Et C\u00e6tera est la forme \u00ab\u00a0spectaculaire\u00a0\u00bb de la po\u00e9sie de Sabine Venaruzzo. Elle fait appel au th\u00e9\u00e2tre, au chant, \u00e0 la musique et \u00e0 l\u2019improvisation. 4 juin 2016<\/p>\n","protected":false},"author":1,"featured_media":0,"comment_status":"open","ping_status":"open","sticky":false,"template":"","format":"standard","meta":{"_et_pb_use_builder":"on","_et_pb_old_content":"<p><iframe src=\"\/\/player.vimeo.com\/video\/169300092?title=0&byline=0\" width=\"640\" height=\"360\" frameborder=\"0\" allowfullscreen=\"allowfullscreen\"><\/iframe><\/p><p><span style=\"font-family: verdana,geneva,sans-serif; font-size: 12pt;\">Lundi 16 mai 2016<\/span><br \/><span style=\"font-family: verdana,geneva,sans-serif; font-size: 12pt;\"> Centre Culturel de la Providence \/ La Semeuse<\/span><br \/><span style=\"font-family: verdana,geneva,sans-serif; font-size: 12pt;\"> La Demoiselle et c\u00e6tera est la forme \"spectaculaire\" de la po\u00e9sie de Sabine Venaruzzo. Elle fait appel au th\u00e9\u00e2tre, au chant, \u00e0 la musique et \u00e0 l\u2019improvisation. Un spectacle prot\u00e9iforme o\u00f9 la po\u00e9sie occupe une place centrale.<\/span><br \/><span style=\"font-family: verdana,geneva,sans-serif; font-size: 12pt;\"> Voici une premi\u00e8re \u00e9tape de travail sous la direction de Fr\u00e9d\u00e9ric de Goldfiem.<\/span><br \/> <br \/><span style=\"font-family: verdana,geneva,sans-serif; font-size: 12pt;\"> Cette \u00e9tape d\u2019\u00e9criture s\u2019inscrit dans le projet \u00ab Sur les routes \u00bb pr\u00e9vu pour le premier semestre 2017. <\/span><br \/><span style=\"font-family: verdana,geneva,sans-serif; font-size: 12pt;\">La demoiselle partira sur les routes suivant deux trac\u00e9s \u00ab Nice-Barcelone \u00bb et <\/span><br \/><span style=\"font-family: verdana,geneva,sans-serif; font-size: 12pt;\"> \u00ab Nice-Berlin \u00bb. Les haltes po\u00e9tiques dans les villes et villages seront autant de pr\u00e9textes \u00e0 cr\u00e9er un espace public de libre expression, \u00e0 provoquer l\u2019\u00e9change, \u00e0 collecter, transmettre et transformer.<\/span><br \/> <br \/><span style=\"font-family: verdana,geneva,sans-serif; font-size: 12pt;\"> \u00ab La Demoiselle est un acte artistique constamment en mouvement cr\u00e9ateur et prolifique : elle offre ainsi un espace d\u2019imaginaire o\u00f9 le territoire de son intime se r\u00e9v\u00e8le \u00e0 c\u0153ur ouvert et entra\u00eene le public vers sa propre intimit\u00e9. Le raisonnable n\u2019appartient pas \u00e0 son vocabulaire et chercher le sens de sa po\u00e9sie se fait aussi bien dans ce qui est dit que dans le non-dit. Son \u00e9criture le permet car elle appelle en premier la part sensible du spectateur. \u00bb<\/span><br \/> <br \/><span style=\"font-family: verdana,geneva,sans-serif; font-size: 12pt;\"> Jean Jacques Minazio, <em>Derni\u00e8res Nouvelles d\u2019Alsace<\/em><\/span><\/p><p><span style=\"font-family: verdana,geneva,sans-serif; font-size: 10pt;\">4 juin 2016<\/span><\/p>","_et_gb_content_width":"","om_disable_all_campaigns":false,"_exactmetrics_skip_tracking":false,"_exactmetrics_sitenote_active":false,"_exactmetrics_sitenote_note":"","_exactmetrics_sitenote_category":0,"_monsterinsights_skip_tracking":false,"_monsterinsights_sitenote_active":false,"_monsterinsights_sitenote_note":"","_monsterinsights_sitenote_category":0,"footnotes":""},"categories":[14],"tags":[],"class_list":["post-1765","post","type-post","status-publish","format-standard","hentry","category-videos"],"aioseo_notices":[],"_links":{"self":[{"href":"https:\/\/voletsouvers.ovh\/index.php\/wp-json\/wp\/v2\/posts\/1765","targetHints":{"allow":["GET"]}}],"collection":[{"href":"https:\/\/voletsouvers.ovh\/index.php\/wp-json\/wp\/v2\/posts"}],"about":[{"href":"https:\/\/voletsouvers.ovh\/index.php\/wp-json\/wp\/v2\/types\/post"}],"author":[{"embeddable":true,"href":"https:\/\/voletsouvers.ovh\/index.php\/wp-json\/wp\/v2\/users\/1"}],"replies":[{"embeddable":true,"href":"https:\/\/voletsouvers.ovh\/index.php\/wp-json\/wp\/v2\/comments?post=1765"}],"version-history":[{"count":4,"href":"https:\/\/voletsouvers.ovh\/index.php\/wp-json\/wp\/v2\/posts\/1765\/revisions"}],"predecessor-version":[{"id":1769,"href":"https:\/\/voletsouvers.ovh\/index.php\/wp-json\/wp\/v2\/posts\/1765\/revisions\/1769"}],"wp:attachment":[{"href":"https:\/\/voletsouvers.ovh\/index.php\/wp-json\/wp\/v2\/media?parent=1765"}],"wp:term":[{"taxonomy":"category","embeddable":true,"href":"https:\/\/voletsouvers.ovh\/index.php\/wp-json\/wp\/v2\/categories?post=1765"},{"taxonomy":"post_tag","embeddable":true,"href":"https:\/\/voletsouvers.ovh\/index.php\/wp-json\/wp\/v2\/tags?post=1765"}],"curies":[{"name":"wp","href":"https:\/\/api.w.org\/{rel}","templated":true}]}}