{"id":1306,"date":"2016-05-10T18:17:04","date_gmt":"2016-05-10T16:17:04","guid":{"rendered":"http:\/\/voletsouvers.ovh\/?p=1306"},"modified":"2019-06-05T21:48:17","modified_gmt":"2019-06-05T19:48:17","slug":"le-poeme-de-papier","status":"publish","type":"post","link":"https:\/\/voletsouvers.ovh\/index.php\/2016\/05\/10\/le-poeme-de-papier\/","title":{"rendered":"Le po\u00e8me de papier"},"content":{"rendered":"<p>[et_pb_section bb_built=\u00a0\u00bb1&Prime; admin_label=\u00a0\u00bbsection\u00a0\u00bb][et_pb_row admin_label=\u00a0\u00bbrow\u00a0\u00bb background_position=\u00a0\u00bbtop_left\u00a0\u00bb background_repeat=\u00a0\u00bbrepeat\u00a0\u00bb background_size=\u00a0\u00bbinitial\u00a0\u00bb][et_pb_column type=\u00a0\u00bb4_4&Prime;][et_pb_text background_position=\u00a0\u00bbtop_left\u00a0\u00bb background_repeat=\u00a0\u00bbrepeat\u00a0\u00bb background_size=\u00a0\u00bbinitial\u00a0\u00bb _builder_version=\u00a0\u00bb3.19.18&Prime;]<\/p>\n<div class=\"article_text\">\n<p><span style=\"font-family: verdana,geneva,sans-serif; font-size: 12pt;\">Le po\u00e8te distribuait des po\u00e8mes de papier<\/span><br \/><span style=\"font-family: verdana,geneva,sans-serif; font-size: 12pt;\">avec des mots d&rsquo;encre dessus<\/span><br \/><span style=\"font-family: verdana,geneva,sans-serif; font-size: 12pt;\">et de la joie, et de la peine<\/span><br \/><span style=\"font-family: verdana,geneva,sans-serif; font-size: 12pt;\">dedans les mots<\/span><br \/><span style=\"font-family: verdana,geneva,sans-serif; font-size: 12pt;\">du d\u00e9sespoir, des espoirs<\/span><br \/><span style=\"font-family: verdana,geneva,sans-serif; font-size: 12pt;\">des questions, de la col\u00e8re<\/span><br \/><span style=\"font-family: verdana,geneva,sans-serif; font-size: 12pt;\">jamais de r\u00e9ponse mais des doutes<\/span><br \/><span style=\"font-family: verdana,geneva,sans-serif; font-size: 12pt;\">Il y avait du pass\u00e9 dedans<\/span><br \/><span style=\"font-family: verdana,geneva,sans-serif; font-size: 12pt;\">et des errances<\/span><br \/><span style=\"font-family: verdana,geneva,sans-serif; font-size: 12pt;\">et du vivant<\/span><br \/><span style=\"font-family: verdana,geneva,sans-serif; font-size: 12pt;\">Il voulait que ses mots ouvrent des chemins<\/span><br \/><span style=\"font-family: verdana,geneva,sans-serif; font-size: 12pt;\">que ses po\u00e8mes soient des clefs<\/span><br \/><span style=\"font-family: verdana,geneva,sans-serif; font-size: 12pt;\">dans la serrure des cerveaux<\/span><br \/><span style=\"font-family: verdana,geneva,sans-serif; font-size: 12pt;\">en faire des grenades de soleil<\/span><br \/><span style=\"font-family: verdana,geneva,sans-serif; font-size: 12pt;\">D\u00e9goupiller le soleil<\/span><br \/><span style=\"font-family: verdana,geneva,sans-serif; font-size: 12pt;\">et BOUM<\/span><br \/><span style=\"font-family: verdana,geneva,sans-serif; font-size: 12pt;\">sur les fronti\u00e8res<\/span><br \/><span style=\"font-family: verdana,geneva,sans-serif; font-size: 12pt;\">Mais c&rsquo;est un po\u00e8me de papier<\/span><br \/><span style=\"font-family: verdana,geneva,sans-serif; font-size: 12pt;\">qu&rsquo;un passant a jet\u00e9 par terre<\/span><br \/><span style=\"font-family: verdana,geneva,sans-serif; font-size: 12pt;\">apr\u00e8s avoir froiss\u00e9 les mots<\/span><br \/><span style=\"font-family: verdana,geneva,sans-serif; font-size: 12pt;\">dans sa main<\/span><\/p>\n<p><span style=\"font-family: verdana,geneva,sans-serif; font-size: 12pt;\">J&rsquo;ai ramass\u00e9 le po\u00e8me de papier<\/span><br \/><span style=\"font-family: verdana,geneva,sans-serif; font-size: 12pt;\">l&rsquo;encre, l&rsquo;espoir<\/span><br \/><span style=\"font-family: verdana,geneva,sans-serif; font-size: 12pt;\">et le vivant<\/span><br \/><span style=\"font-family: verdana,geneva,sans-serif; font-size: 12pt;\">D\u00e9froisser les mots<\/span><br \/><span style=\"font-family: verdana,geneva,sans-serif; font-size: 12pt;\">Etre le c\u0153ur qui bat<\/span><br \/><span style=\"font-family: verdana,geneva,sans-serif; font-size: 12pt;\">dans la voix qui les porte<\/span><\/p>\n<p><span style=\"font-family: verdana,geneva,sans-serif;\">20 avril 2016<\/span><\/p>\n<p><em><span dir=\"ltr\" style=\"font-family: verdana, geneva, sans-serif; font-size: 12pt;\"><span class=\"_3l3x\">Hommage \u00e0 un vieux monsieur, rencontr\u00e9 lorsque j&rsquo;\u00e9tais adolescente, qui distribuait des tracts po\u00e9tiques dans la rue en militant pour Amnesty International.<\/span><\/span><\/em><\/p>\n<\/div>\n<p>[\/et_pb_text][et_pb_post_nav in_same_term=\u00a0\u00bboff\u00a0\u00bb hide_prev=\u00a0\u00bboff\u00a0\u00bb hide_next=\u00a0\u00bboff\u00a0\u00bb use_border_color=\u00a0\u00bboff\u00a0\u00bb border_color=\u00a0\u00bb#ffffff\u00a0\u00bb border_style=\u00a0\u00bbsolid\u00a0\u00bb show_prev=\u00a0\u00bbon\u00a0\u00bb show_next=\u00a0\u00bbon\u00a0\u00bb \/][\/et_pb_column][\/et_pb_row][\/et_pb_section]<\/p>\n","protected":false},"excerpt":{"rendered":"<p>Le po\u00e8te distribuait des po\u00e8mes de papieravec des mots d&rsquo;encre dessuset de la joie, et de la peinededans les motsdu d\u00e9sespoir, des espoirsdes questions, de la col\u00e8rejamais de r\u00e9ponse mais des doutesIl y avait du pass\u00e9 dedanset des erranceset du vivantIl voulait que ses mots ouvrent des cheminsque ses po\u00e8mes soient des clefsdans la serrure [&hellip;]<\/p>\n","protected":false},"author":1,"featured_media":0,"comment_status":"open","ping_status":"open","sticky":false,"template":"","format":"standard","meta":{"_et_pb_use_builder":"on","_et_pb_old_content":"<div class=\"article_text\"><p><span style=\"font-family: verdana,geneva,sans-serif; font-size: 12pt;\">Le po\u00e8te distribuait des po\u00e8mes de papier<\/span><br \/><span style=\"font-family: verdana,geneva,sans-serif; font-size: 12pt;\">avec des mots d'encre dessus<\/span><br \/><span style=\"font-family: verdana,geneva,sans-serif; font-size: 12pt;\">et de la joie, et de la peine<\/span><br \/><span style=\"font-family: verdana,geneva,sans-serif; font-size: 12pt;\">dedans les mots<\/span><br \/><span style=\"font-family: verdana,geneva,sans-serif; font-size: 12pt;\">du d\u00e9sespoir, des espoirs<\/span><br \/><span style=\"font-family: verdana,geneva,sans-serif; font-size: 12pt;\">des questions, de la col\u00e8re<\/span><br \/><span style=\"font-family: verdana,geneva,sans-serif; font-size: 12pt;\">jamais de r\u00e9ponse mais des doutes<\/span><br \/><span style=\"font-family: verdana,geneva,sans-serif; font-size: 12pt;\">Il y avait du pass\u00e9 dedans<\/span><br \/><span style=\"font-family: verdana,geneva,sans-serif; font-size: 12pt;\">et des errances<\/span><br \/><span style=\"font-family: verdana,geneva,sans-serif; font-size: 12pt;\">et du vivant<\/span><br \/><span style=\"font-family: verdana,geneva,sans-serif; font-size: 12pt;\">Il voulait que ses mots ouvrent des chemins<\/span><br \/><span style=\"font-family: verdana,geneva,sans-serif; font-size: 12pt;\">que ses po\u00e8mes soient des clefs<\/span><br \/><span style=\"font-family: verdana,geneva,sans-serif; font-size: 12pt;\">dans la serrure des cerveaux<\/span><br \/><span style=\"font-family: verdana,geneva,sans-serif; font-size: 12pt;\">en faire des grenades de soleil<\/span><br \/><span style=\"font-family: verdana,geneva,sans-serif; font-size: 12pt;\">D\u00e9goupiller le soleil<\/span><br \/><span style=\"font-family: verdana,geneva,sans-serif; font-size: 12pt;\">et BOUM<\/span><br \/><span style=\"font-family: verdana,geneva,sans-serif; font-size: 12pt;\">sur les fronti\u00e8res<\/span><br \/><span style=\"font-family: verdana,geneva,sans-serif; font-size: 12pt;\">Mais c'est un po\u00e8me de papier<\/span><br \/><span style=\"font-family: verdana,geneva,sans-serif; font-size: 12pt;\">qu'un passant a jet\u00e9 par terre<\/span><br \/><span style=\"font-family: verdana,geneva,sans-serif; font-size: 12pt;\">apr\u00e8s avoir froiss\u00e9 les mots<\/span><br \/><span style=\"font-family: verdana,geneva,sans-serif; font-size: 12pt;\">dans sa main<\/span><br \/><br \/><span style=\"font-family: verdana,geneva,sans-serif; font-size: 12pt;\">J'ai ramass\u00e9 le po\u00e8me de papier<\/span><br \/><span style=\"font-family: verdana,geneva,sans-serif; font-size: 12pt;\">l'encre, l'espoir<\/span><br \/><span style=\"font-family: verdana,geneva,sans-serif; font-size: 12pt;\">et le vivant<\/span><br \/><span style=\"font-family: verdana,geneva,sans-serif; font-size: 12pt;\">D\u00e9froisser les mots<\/span><br \/><span style=\"font-family: verdana,geneva,sans-serif; font-size: 12pt;\">Etre le c\u0153ur qui bat<\/span><br \/><span style=\"font-family: verdana,geneva,sans-serif; font-size: 12pt;\">dans la voix qui les porte<\/span><br \/><br \/><span style=\"font-family: verdana,geneva,sans-serif;\">20 avril 2016<\/span><\/p><\/div>","_et_gb_content_width":"","om_disable_all_campaigns":false,"_exactmetrics_skip_tracking":false,"_exactmetrics_sitenote_active":false,"_exactmetrics_sitenote_note":"","_exactmetrics_sitenote_category":0,"_monsterinsights_skip_tracking":false,"_monsterinsights_sitenote_active":false,"_monsterinsights_sitenote_note":"","_monsterinsights_sitenote_category":0,"footnotes":""},"categories":[21],"tags":[],"class_list":["post-1306","post","type-post","status-publish","format-standard","hentry","category-huitieme-volet"],"aioseo_notices":[],"_links":{"self":[{"href":"https:\/\/voletsouvers.ovh\/index.php\/wp-json\/wp\/v2\/posts\/1306","targetHints":{"allow":["GET"]}}],"collection":[{"href":"https:\/\/voletsouvers.ovh\/index.php\/wp-json\/wp\/v2\/posts"}],"about":[{"href":"https:\/\/voletsouvers.ovh\/index.php\/wp-json\/wp\/v2\/types\/post"}],"author":[{"embeddable":true,"href":"https:\/\/voletsouvers.ovh\/index.php\/wp-json\/wp\/v2\/users\/1"}],"replies":[{"embeddable":true,"href":"https:\/\/voletsouvers.ovh\/index.php\/wp-json\/wp\/v2\/comments?post=1306"}],"version-history":[{"count":2,"href":"https:\/\/voletsouvers.ovh\/index.php\/wp-json\/wp\/v2\/posts\/1306\/revisions"}],"predecessor-version":[{"id":3578,"href":"https:\/\/voletsouvers.ovh\/index.php\/wp-json\/wp\/v2\/posts\/1306\/revisions\/3578"}],"wp:attachment":[{"href":"https:\/\/voletsouvers.ovh\/index.php\/wp-json\/wp\/v2\/media?parent=1306"}],"wp:term":[{"taxonomy":"category","embeddable":true,"href":"https:\/\/voletsouvers.ovh\/index.php\/wp-json\/wp\/v2\/categories?post=1306"},{"taxonomy":"post_tag","embeddable":true,"href":"https:\/\/voletsouvers.ovh\/index.php\/wp-json\/wp\/v2\/tags?post=1306"}],"curies":[{"name":"wp","href":"https:\/\/api.w.org\/{rel}","templated":true}]}}