{"id":1208,"date":"2016-05-10T14:23:00","date_gmt":"2016-05-10T12:23:00","guid":{"rendered":"http:\/\/voletsouvers.ovh\/?p=1208"},"modified":"2019-01-08T18:39:58","modified_gmt":"2019-01-08T17:39:58","slug":"brouillard","status":"publish","type":"post","link":"https:\/\/voletsouvers.ovh\/index.php\/2016\/05\/10\/brouillard\/","title":{"rendered":"Brouillard"},"content":{"rendered":"<p>[et_pb_section admin_label=\u00a0\u00bbsection\u00a0\u00bb][et_pb_row admin_label=\u00a0\u00bbrow\u00a0\u00bb][et_pb_column type=\u00a0\u00bb4_4&Prime;][et_pb_text admin_label=\u00a0\u00bbTexte\u00a0\u00bb background_layout=\u00a0\u00bblight\u00a0\u00bb text_orientation=\u00a0\u00bbleft\u00a0\u00bb use_border_color=\u00a0\u00bboff\u00a0\u00bb border_color=\u00a0\u00bb#ffffff\u00a0\u00bb border_style=\u00a0\u00bbsolid\u00a0\u00bb]<\/p>\n<p><span style=\"font-family: verdana, geneva, sans-serif; font-size: 12pt;\">Le monde br\u00fble <\/span><br \/>\n<span style=\"font-family: verdana, geneva, sans-serif; font-size: 12pt;\"> Paris aussi<\/span><br \/>\n<span style=\"font-family: verdana, geneva, sans-serif; font-size: 12pt;\">et chacun de p\u00e9trir sa nuit <\/span><\/p>\n<p><span style=\"font-family: verdana, geneva, sans-serif; font-size: 12pt;\">Au levain de la tristesse<\/span><br \/>\n<span style=\"font-family: verdana, geneva, sans-serif; font-size: 12pt;\"> ont fleuri drapeaux d&rsquo;orage<\/span><br \/>\n<span style=\"font-family: verdana, geneva, sans-serif; font-size: 12pt;\"> flammes de bougies ardentes<\/span><br \/>\n<span style=\"font-family: verdana, geneva, sans-serif; font-size: 12pt;\"> minutes en minutes d&rsquo;effroyable silence<\/span><\/p>\n<p><span style=\"font-family: verdana, geneva, sans-serif; font-size: 12pt;\">Et puis <\/span><br \/>\n<span style=\"font-family: verdana, geneva, sans-serif; font-size: 12pt;\"> des mots \u00e0 travers le brouillard<\/span><br \/>\n<span style=\"font-family: verdana, geneva, sans-serif; font-size: 12pt;\"> devant chaque fen\u00eatre possible<\/span><br \/>\n<span style=\"font-family: verdana, geneva, sans-serif; font-size: 12pt;\"> Surrections d&rsquo;\u00eeles <\/span><br \/>\n<span style=\"font-family: verdana, geneva, sans-serif; font-size: 12pt;\"> comme autant d&rsquo;archipels <\/span><br \/>\n<span style=\"font-family: verdana, geneva, sans-serif; font-size: 12pt;\"> o\u00f9 s&rsquo;amarrer, o\u00f9 accoster<\/span><br \/>\n<span style=\"font-family: verdana, geneva, sans-serif; font-size: 12pt;\"> o\u00f9 poser le pied<\/span><\/p>\n<p><span style=\"font-family: verdana, geneva, sans-serif; font-size: 12pt;\">Mais chacun son brouillard <\/span><br \/>\n<span style=\"font-family: verdana, geneva, sans-serif; font-size: 12pt;\"> celui qui se d\u00e9fait et refait le monde<\/span><\/p>\n<p><span style=\"font-family: verdana, geneva, sans-serif; font-size: 12pt;\">Paris br\u00fble<\/span><br \/>\n<span style=\"font-family: verdana, geneva, sans-serif; font-size: 12pt;\"> le monde aussi<\/span><br \/>\n<span style=\"font-family: verdana, geneva, sans-serif; font-size: 12pt;\"> et chacun de p\u00e9trir sa nuit <\/span><\/p>\n<p><span style=\"font-size: 10pt;\">16 novembre 2015<\/span><\/p>\n<p>[\/et_pb_text][et_pb_post_nav admin_label=\u00a0\u00bbNavigation dans les posts\u00a0\u00bb in_same_term=\u00a0\u00bboff\u00a0\u00bb hide_prev=\u00a0\u00bboff\u00a0\u00bb hide_next=\u00a0\u00bboff\u00a0\u00bb use_border_color=\u00a0\u00bboff\u00a0\u00bb border_color=\u00a0\u00bb#ffffff\u00a0\u00bb border_style=\u00a0\u00bbsolid\u00a0\u00bb] [\/et_pb_post_nav][\/et_pb_column][\/et_pb_row][\/et_pb_section]<\/p>\n","protected":false},"excerpt":{"rendered":"<p>Le monde br\u00fble Paris aussi et chacun de p\u00e9trir sa nuit Au levain de la tristesse ont fleuri drapeaux d&rsquo;orage flammes de bougies ardentes minutes en minutes d&rsquo;effroyable silence Et puis des mots \u00e0 travers le brouillard devant chaque fen\u00eatre possible Surrections d&rsquo;\u00eeles comme autant d&rsquo;archipels o\u00f9 s&rsquo;amarrer, o\u00f9 accoster o\u00f9 poser le pied Mais [&hellip;]<\/p>\n","protected":false},"author":1,"featured_media":0,"comment_status":"open","ping_status":"open","sticky":false,"template":"","format":"standard","meta":{"_et_pb_use_builder":"on","_et_pb_old_content":"<p><span style=\"font-family: verdana,geneva,sans-serif; font-size: 12pt;\">Le monde br\u00fble <\/span><br \/><span style=\"font-family: verdana,geneva,sans-serif; font-size: 12pt;\">Paris aussi<\/span><br \/><span style=\"font-family: verdana,geneva,sans-serif; font-size: 12pt;\">Et chacun de p\u00e9trir sa nuit <\/span><br \/><br \/><span style=\"font-family: verdana,geneva,sans-serif; font-size: 12pt;\">Au levain de la tristesse<\/span><br \/><span style=\"font-family: verdana,geneva,sans-serif; font-size: 12pt;\">Ont fleuri drapeaux d'orage<\/span><br \/><span style=\"font-family: verdana,geneva,sans-serif; font-size: 12pt;\">Flammes de bougies ardentes<\/span><br \/><span style=\"font-family: verdana,geneva,sans-serif; font-size: 12pt;\">Minutes en minutes d'effroyable silence<\/span><br \/><br \/><span style=\"font-family: verdana,geneva,sans-serif; font-size: 12pt;\">Et puis <\/span><br \/><span style=\"font-family: verdana,geneva,sans-serif; font-size: 12pt;\">Des mots \u00e0 travers le brouillard<\/span><br \/><span style=\"font-family: verdana,geneva,sans-serif; font-size: 12pt;\">Devant chaque fen\u00eatre possible<\/span><br \/><span style=\"font-family: verdana,geneva,sans-serif; font-size: 12pt;\">Surrections d'\u00eeles <\/span><br \/><span style=\"font-family: verdana,geneva,sans-serif; font-size: 12pt;\">Comme autant d'archipels <\/span><br \/><span style=\"font-family: verdana,geneva,sans-serif; font-size: 12pt;\">O\u00f9 s'amarrer, o\u00f9 accoster<\/span><br \/><span style=\"font-family: verdana,geneva,sans-serif; font-size: 12pt;\">O\u00f9 poser le pied<\/span><br \/><br \/><span style=\"font-family: verdana,geneva,sans-serif; font-size: 12pt;\">Mais chacun son brouillard <\/span><br \/><span style=\"font-family: verdana,geneva,sans-serif; font-size: 12pt;\">Celui qui se d\u00e9fait et refait le monde<\/span><br \/><br \/><span style=\"font-family: verdana,geneva,sans-serif; font-size: 12pt;\">Paris br\u00fble<\/span><br \/><span style=\"font-family: verdana,geneva,sans-serif; font-size: 12pt;\">Le monde aussi<\/span><br \/><span style=\"font-family: verdana,geneva,sans-serif;\"><span style=\"font-size: 12pt;\">Et chacun de p\u00e9trir sa nuit<\/span> <\/span><br \/><br \/><span style=\"font-family: verdana,geneva,sans-serif;\">16 novembre 2015<\/span><\/p>","_et_gb_content_width":"","om_disable_all_campaigns":false,"_exactmetrics_skip_tracking":false,"_exactmetrics_sitenote_active":false,"_exactmetrics_sitenote_note":"","_exactmetrics_sitenote_category":0,"_monsterinsights_skip_tracking":false,"_monsterinsights_sitenote_active":false,"_monsterinsights_sitenote_note":"","_monsterinsights_sitenote_category":0,"footnotes":""},"categories":[17],"tags":[],"class_list":["post-1208","post","type-post","status-publish","format-standard","hentry","category-septieme-volet"],"aioseo_notices":[],"_links":{"self":[{"href":"https:\/\/voletsouvers.ovh\/index.php\/wp-json\/wp\/v2\/posts\/1208","targetHints":{"allow":["GET"]}}],"collection":[{"href":"https:\/\/voletsouvers.ovh\/index.php\/wp-json\/wp\/v2\/posts"}],"about":[{"href":"https:\/\/voletsouvers.ovh\/index.php\/wp-json\/wp\/v2\/types\/post"}],"author":[{"embeddable":true,"href":"https:\/\/voletsouvers.ovh\/index.php\/wp-json\/wp\/v2\/users\/1"}],"replies":[{"embeddable":true,"href":"https:\/\/voletsouvers.ovh\/index.php\/wp-json\/wp\/v2\/comments?post=1208"}],"version-history":[{"count":2,"href":"https:\/\/voletsouvers.ovh\/index.php\/wp-json\/wp\/v2\/posts\/1208\/revisions"}],"predecessor-version":[{"id":3263,"href":"https:\/\/voletsouvers.ovh\/index.php\/wp-json\/wp\/v2\/posts\/1208\/revisions\/3263"}],"wp:attachment":[{"href":"https:\/\/voletsouvers.ovh\/index.php\/wp-json\/wp\/v2\/media?parent=1208"}],"wp:term":[{"taxonomy":"category","embeddable":true,"href":"https:\/\/voletsouvers.ovh\/index.php\/wp-json\/wp\/v2\/categories?post=1208"},{"taxonomy":"post_tag","embeddable":true,"href":"https:\/\/voletsouvers.ovh\/index.php\/wp-json\/wp\/v2\/tags?post=1208"}],"curies":[{"name":"wp","href":"https:\/\/api.w.org\/{rel}","templated":true}]}}